
			
				
				
					
				

			
		{"items":"\n\t\t\t\t\t\t\t\t\t\t\t\n<article id=\"post-10146\" class=\"blog-design-masonry blog-post-loop blog-style-bg  col-lg-4 col-md-4 col-sm-6 col-12 post-10146 post type-post status-publish format-standard has-post-thumbnail hentry category-natjecaji\">\n\t<div class=\"article-inner\">\n\t\t\t\t\t<header class=\"entry-header\">\n\t\t\t\t\t\t\t\t\t\n\t\t\t\t\t<figure id=\"carousel-366\" class=\"entry-thumbnail\" data-owl-carousel data-hide_pagination_control=\"yes\" data-desktop=\"1\" data-tablet=\"1\" data-tablet_landscape=\"1\" data-mobile=\"1\">\n\t\t\t\t\t\t\n\t\t\t\t\t\t\t<div class=\"post-img-wrapp\">\n\t\t\t\t\t\t\t\t<a href=\"https:\/\/www.vrtic-smokvica.hr\/natjecaj-za-radno-mjesto-odgojitelj-odgojiteljica-djece-rane-i-predskolske-dobi-8\/\">\n\t\t\t\t\t\t\t\t\t<img width=\"1300\" height=\"650\" src=\"https:\/\/www.vrtic-smokvica.hr\/wp-content\/uploads\/2024\/10\/natjecaji2-1300x650.jpg\" class=\"attachment-large size-large\" alt=\"\" decoding=\"async\" fetchpriority=\"high\" srcset=\"https:\/\/www.vrtic-smokvica.hr\/wp-content\/uploads\/2024\/10\/natjecaji2-1300x650.jpg 1300w, https:\/\/www.vrtic-smokvica.hr\/wp-content\/uploads\/2024\/10\/natjecaji2-400x200.jpg 400w, https:\/\/www.vrtic-smokvica.hr\/wp-content\/uploads\/2024\/10\/natjecaji2-768x384.jpg 768w, https:\/\/www.vrtic-smokvica.hr\/wp-content\/uploads\/2024\/10\/natjecaji2-1536x768.jpg 1536w, https:\/\/www.vrtic-smokvica.hr\/wp-content\/uploads\/2024\/10\/natjecaji2-2048x1024.jpg 2048w\" sizes=\"(max-width: 1300px) 100vw, 1300px\" \/>\t\t\t\t\t\t\t\t<\/a>\n\t\t\t\t\t\t\t<\/div>\n\t\t\t\t\t\t\t<div class=\"post-image-mask\">\n\t\t\t\t\t\t\t\t<span><\/span>\n\t\t\t\t\t\t\t<\/div>\n\n\t\t\t\t\t\t\n\t\t\t\t\t<\/figure>\n\t\t\t\t\n\t\t\t\t\t\t\t\t\t\t\t\t<div class=\"post-date wd-post-date wd-style-with-bg\" onclick=\"\">\n\t\t\t\t<span class=\"post-date-day\">\n\t\t\t\t\t19\t\t\t\t<\/span>\n\t\t\t\t<span class=\"post-date-month\">\n\t\t\t\t\tlip\t\t\t\t<\/span>\n\t\t\t<\/div>\n\t\t\t\t\t\t\n\t\t\t<\/header><!-- .entry-header -->\n\n\t\t<div class=\"article-body-container\">\n\t\t\t\n\t\t\t\t\t\t\t\t\t<div class=\"meta-categories-wrapp\"><div class=\"meta-post-categories wd-post-cat wd-style-with-bg\"><a href=\"https:\/\/www.vrtic-smokvica.hr\/cat\/natjecaji\/\" rel=\"category tag\">Natje\u010daji<\/a><\/div><\/div>\n\t\t\t\t\n\t\t\t\t\t\t\t\t\t<h3 class=\"wd-entities-title title post-title\">\n\t\t\t\t\t\t<a href=\"https:\/\/www.vrtic-smokvica.hr\/natjecaj-za-radno-mjesto-odgojitelj-odgojiteljica-djece-rane-i-predskolske-dobi-8\/\" rel=\"bookmark\">Natje\u010daj za radno mjesto: ODGOJITELJ\/ODGOJITELJICA DJECE RANE I PRED\u0160KOLSKE DOBI<\/a>\n\t\t\t\t\t<\/h3>\n\t\t\t\t\n\t\t\t\t\t\t\t\t\t<div class=\"entry-meta wd-entry-meta\">\n\t\t\t\t\t\t\t\t\t<ul class=\"entry-meta-list\">\n\t\t\t\t\t\t\t\t\t<li class=\"modified-date\">\n\t\t\t\t\t\t\t\t<time class=\"updated\" datetime=\"2025-02-24T23:46:25+01:00\">\n\t\t\t24. velja\u010de 2025.\t\t<\/time>\n\t\t\t\t\t\t\t<\/li>\n\n\t\t\t\t\t\n\t\t\t\t\t\t\t\t\t\t\t<li class=\"meta-author\">\n\t\t\t\t\t\t\t\t\t\t\t\t<span>Objavio<\/span>\n\t\t\n\t\t\t\t\t<img alt='author-avatar' src='https:\/\/secure.gravatar.com\/avatar\/1f4085bfb619bc2a4d4f7d4c0d15afdbfd65cd85388a28a74a7b8b31885e346f?s=32&#038;d=mm&#038;r=g' srcset='https:\/\/secure.gravatar.com\/avatar\/1f4085bfb619bc2a4d4f7d4c0d15afdbfd65cd85388a28a74a7b8b31885e346f?s=64&#038;d=mm&#038;r=g 2x' class='avatar avatar-32 photo' height='32' width='32' decoding='async'\/>\t\t\n\t\t<a href=\"https:\/\/www.vrtic-smokvica.hr\/author\/admin_smokvica\/\" rel=\"author\">\n\t\t\t<span class=\"vcard author author_name\">\n\t\t\t\t<span class=\"fn\">Dje\u010dji vrti\u0107 Smokvica<\/span>\n\t\t\t<\/span>\n\t\t<\/a>\n\t\t\t\t\t\t\t\t<\/li>\n\t\t\t\t\t\n\t\t\t\t\t\n\t\t\t\t\t\t\t\t\t\t\t\t<\/ul>\n\t\t\t\t\t\t\t<\/div><!-- .entry-meta -->\n\t\t\t\t\t\t\t\t\t\t\t<div class=\"hovered-social-icons wd-tltp wd-tltp-top\">\n\t\t\t\t\t\t\t<div class=\"wd-tooltip-label\">\n\t\t\t\t\t\t\t\t\t\t\t<link rel=\"stylesheet\" id=\"wd-social-icons-css\" href=\"https:\/\/www.vrtic-smokvica.hr\/wp-content\/themes\/woodmart\/css\/parts\/el-social-icons.min.css?ver=7.3.0\" type=\"text\/css\" media=\"all\" \/> \t\t\t\n\t\t\t<div class=\" wd-social-icons  icons-design-default icons-size-small color-scheme-light social-share social-form-circle text-center\">\n\n\t\t\t\t\n\t\t\t\t\t\t\t\t\t<a rel=\"noopener noreferrer nofollow\" href=\"https:\/\/www.facebook.com\/sharer\/sharer.php?u=https:\/\/www.vrtic-smokvica.hr\/natjecaj-za-radno-mjesto-odgojitelj-odgojiteljica-djece-rane-i-predskolske-dobi-8\/\" target=\"_blank\" class=\" wd-social-icon social-facebook\" aria-label=\"Facebook social link\">\n\t\t\t\t\t\t<span class=\"wd-icon\"><\/span>\n\t\t\t\t\t\t\t\t\t\t\t<\/a>\n\t\t\t\t\n\t\t\t\t\t\t\t\t\t<a rel=\"noopener noreferrer nofollow\" href=\"https:\/\/twitter.com\/share?url=https:\/\/www.vrtic-smokvica.hr\/natjecaj-za-radno-mjesto-odgojitelj-odgojiteljica-djece-rane-i-predskolske-dobi-8\/\" target=\"_blank\" class=\" wd-social-icon social-twitter\" aria-label=\"Twitter social link\">\n\t\t\t\t\t\t<span class=\"wd-icon\"><\/span>\n\t\t\t\t\t\t\t\t\t\t\t<\/a>\n\t\t\t\t\n\t\t\t\t\n\t\t\t\t\n\t\t\t\t\n\t\t\t\t\t\t\t\t\t<a rel=\"noopener noreferrer nofollow\" href=\"https:\/\/pinterest.com\/pin\/create\/button\/?url=https:\/\/www.vrtic-smokvica.hr\/natjecaj-za-radno-mjesto-odgojitelj-odgojiteljica-djece-rane-i-predskolske-dobi-8\/&media=https:\/\/www.vrtic-smokvica.hr\/wp-content\/uploads\/2024\/10\/natjecaji2-scaled.jpg&description=Natje%C4%8Daj+za+radno+mjesto%3A+ODGOJITELJ%2FODGOJITELJICA+DJECE+RANE+I+PRED%C5%A0KOLSKE+DOBI\" target=\"_blank\" class=\" wd-social-icon social-pinterest\" aria-label=\"Pinterest social link\">\n\t\t\t\t\t\t<span class=\"wd-icon\"><\/span>\n\t\t\t\t\t\t\t\t\t\t\t<\/a>\n\t\t\t\t\n\t\t\t\t\n\t\t\t\t\t\t\t\t\t<a rel=\"noopener noreferrer nofollow\" href=\"https:\/\/www.linkedin.com\/shareArticle?mini=true&url=https:\/\/www.vrtic-smokvica.hr\/natjecaj-za-radno-mjesto-odgojitelj-odgojiteljica-djece-rane-i-predskolske-dobi-8\/\" target=\"_blank\" class=\" wd-social-icon social-linkedin\" aria-label=\"Linkedin social link\">\n\t\t\t\t\t\t<span class=\"wd-icon\"><\/span>\n\t\t\t\t\t\t\t\t\t\t\t<\/a>\n\t\t\t\t\n\t\t\t\t\n\t\t\t\t\n\t\t\t\t\n\t\t\t\t\n\t\t\t\t\n\t\t\t\t\n\t\t\t\t\n\t\t\t\t\n\t\t\t\t\n\t\t\t\t\t\t\t\t\n\t\t\t\t\t\t\t\t\n\t\t\t\t\n\t\t\t\t\n\t\t\t\t\t\t\t\t\t<a rel=\"noopener noreferrer nofollow\" href=\"https:\/\/telegram.me\/share\/url?url=https:\/\/www.vrtic-smokvica.hr\/natjecaj-za-radno-mjesto-odgojitelj-odgojiteljica-djece-rane-i-predskolske-dobi-8\/\" target=\"_blank\" class=\" wd-social-icon social-tg\" aria-label=\"Telegram social link\">\n\t\t\t\t\t\t<span class=\"wd-icon\"><\/span>\n\t\t\t\t\t\t\t\t\t\t\t<\/a>\n\t\t\t\t\t\t\t\t\n\t\t\t\t\n\t\t\t<\/div>\n\n\t\t\t\t\t\t\t\t\t<\/div>\n\t\t\t\t\t\t<\/div>\n\t\t\t\t\t\t\t\t\t\t\t\t\n\t\t\t\t\t\t\t\n\t\t\t\t                    <div class=\"entry-content wd-entry-content\">\n\t\t\t\t\t\t\nNatje\u010daj za radno mjesto: ODGOJITELJ\/ODGOJITELJICA DJECE RANE I PRED\u0160KOLSKE DOBI\n\n\n\nBroj tra\u017eenih radnika: 1\n\n\n\nMjesto rada: POJATNO, M. GUPCA 92\n\n\n\nVrsta zaposlenja: neodre\u0111eno, upra\u017enjeni poslovi\n\n\n\nRadno vrijeme: puno radno vrijeme\n\n\n\nSmje\u0161taj: nema smje\u0161taja\n\n\t\t\t\t\t\t\t\t\t\t\t<\/div><!-- .entry-content -->\n\t\t\t\t\n\t\t\t\t\t\t\t\t\t\t\t\t\t\t<p class=\"read-more-section\">\n\t\t\t\t\t\t<a class=\"btn-read-more more-link\" href=\"https:\/\/www.vrtic-smokvica.hr\/natjecaj-za-radno-mjesto-odgojitelj-odgojiteljica-djece-rane-i-predskolske-dobi-8\/\">Nastavite \u010ditati<\/a>\t\t\t\t\t<\/p>\n\t\t\t\t\t\t\t\t\t\t\t\n\t\t\t\n\t\t\t\t\t<\/div>\n\t<\/div>\n<\/article><!-- #post -->\n\n\n\t\t\t\t\t\t\t\t\t\t\t\n<article id=\"post-10140\" class=\"blog-design-masonry blog-post-loop blog-style-bg  col-lg-4 col-md-4 col-sm-6 col-12 first  post-10140 post type-post status-publish format-standard has-post-thumbnail hentry category-natjecaji\">\n\t<div class=\"article-inner\">\n\t\t\t\t\t<header class=\"entry-header\">\n\t\t\t\t\t\t\t\t\t\n\t\t\t\t\t<figure id=\"carousel-104\" class=\"entry-thumbnail\" data-owl-carousel data-hide_pagination_control=\"yes\" data-desktop=\"1\" data-tablet=\"1\" data-tablet_landscape=\"1\" data-mobile=\"1\">\n\t\t\t\t\t\t\n\t\t\t\t\t\t\t<div class=\"post-img-wrapp\">\n\t\t\t\t\t\t\t\t<a href=\"https:\/\/www.vrtic-smokvica.hr\/natjecaj-za-radno-mjesto-kuhar-ica-3\/\">\n\t\t\t\t\t\t\t\t\t<img width=\"1300\" height=\"650\" src=\"https:\/\/www.vrtic-smokvica.hr\/wp-content\/uploads\/2024\/10\/natjecaji2-1300x650.jpg\" class=\"attachment-large size-large\" alt=\"\" decoding=\"async\" srcset=\"https:\/\/www.vrtic-smokvica.hr\/wp-content\/uploads\/2024\/10\/natjecaji2-1300x650.jpg 1300w, https:\/\/www.vrtic-smokvica.hr\/wp-content\/uploads\/2024\/10\/natjecaji2-400x200.jpg 400w, https:\/\/www.vrtic-smokvica.hr\/wp-content\/uploads\/2024\/10\/natjecaji2-768x384.jpg 768w, https:\/\/www.vrtic-smokvica.hr\/wp-content\/uploads\/2024\/10\/natjecaji2-1536x768.jpg 1536w, https:\/\/www.vrtic-smokvica.hr\/wp-content\/uploads\/2024\/10\/natjecaji2-2048x1024.jpg 2048w\" sizes=\"(max-width: 1300px) 100vw, 1300px\" \/>\t\t\t\t\t\t\t\t<\/a>\n\t\t\t\t\t\t\t<\/div>\n\t\t\t\t\t\t\t<div class=\"post-image-mask\">\n\t\t\t\t\t\t\t\t<span><\/span>\n\t\t\t\t\t\t\t<\/div>\n\n\t\t\t\t\t\t\n\t\t\t\t\t<\/figure>\n\t\t\t\t\n\t\t\t\t\t\t\t\t\t\t\t\t<div class=\"post-date wd-post-date wd-style-with-bg\" onclick=\"\">\n\t\t\t\t<span class=\"post-date-day\">\n\t\t\t\t\t27\t\t\t\t<\/span>\n\t\t\t\t<span class=\"post-date-month\">\n\t\t\t\t\tsvi\t\t\t\t<\/span>\n\t\t\t<\/div>\n\t\t\t\t\t\t\n\t\t\t<\/header><!-- .entry-header -->\n\n\t\t<div class=\"article-body-container\">\n\t\t\t\n\t\t\t\t\t\t\t\t\t<div class=\"meta-categories-wrapp\"><div class=\"meta-post-categories wd-post-cat wd-style-with-bg\"><a href=\"https:\/\/www.vrtic-smokvica.hr\/cat\/natjecaji\/\" rel=\"category tag\">Natje\u010daji<\/a><\/div><\/div>\n\t\t\t\t\n\t\t\t\t\t\t\t\t\t<h3 class=\"wd-entities-title title post-title\">\n\t\t\t\t\t\t<a href=\"https:\/\/www.vrtic-smokvica.hr\/natjecaj-za-radno-mjesto-kuhar-ica-3\/\" rel=\"bookmark\">Radno mjesto: ODGOJITELJ\/ODGOJITELJICA PRED\u0160KOLSKE DJECE<\/a>\n\t\t\t\t\t<\/h3>\n\t\t\t\t\n\t\t\t\t\t\t\t\t\t<div class=\"entry-meta wd-entry-meta\">\n\t\t\t\t\t\t\t\t\t<ul class=\"entry-meta-list\">\n\t\t\t\t\t\t\t\t\t<li class=\"modified-date\">\n\t\t\t\t\t\t\t\t<time class=\"updated\" datetime=\"2025-02-24T23:46:25+01:00\">\n\t\t\t24. velja\u010de 2025.\t\t<\/time>\n\t\t\t\t\t\t\t<\/li>\n\n\t\t\t\t\t\n\t\t\t\t\t\t\t\t\t\t\t<li class=\"meta-author\">\n\t\t\t\t\t\t\t\t\t\t\t\t<span>Objavio<\/span>\n\t\t\n\t\t\t\t\t<img alt='author-avatar' src='https:\/\/secure.gravatar.com\/avatar\/1f4085bfb619bc2a4d4f7d4c0d15afdbfd65cd85388a28a74a7b8b31885e346f?s=32&#038;d=mm&#038;r=g' srcset='https:\/\/secure.gravatar.com\/avatar\/1f4085bfb619bc2a4d4f7d4c0d15afdbfd65cd85388a28a74a7b8b31885e346f?s=64&#038;d=mm&#038;r=g 2x' class='avatar avatar-32 photo' height='32' width='32' loading='lazy' decoding='async'\/>\t\t\n\t\t<a href=\"https:\/\/www.vrtic-smokvica.hr\/author\/admin_smokvica\/\" rel=\"author\">\n\t\t\t<span class=\"vcard author author_name\">\n\t\t\t\t<span class=\"fn\">Dje\u010dji vrti\u0107 Smokvica<\/span>\n\t\t\t<\/span>\n\t\t<\/a>\n\t\t\t\t\t\t\t\t<\/li>\n\t\t\t\t\t\n\t\t\t\t\t\n\t\t\t\t\t\t\t\t\t\t\t\t<\/ul>\n\t\t\t\t\t\t\t<\/div><!-- .entry-meta -->\n\t\t\t\t\t\t\t\t\t\t\t<div class=\"hovered-social-icons wd-tltp wd-tltp-top\">\n\t\t\t\t\t\t\t<div class=\"wd-tooltip-label\">\n\t\t\t\t\t\t\t\t\n\t\t\t<div class=\" wd-social-icons  icons-design-default icons-size-small color-scheme-light social-share social-form-circle text-center\">\n\n\t\t\t\t\n\t\t\t\t\t\t\t\t\t<a rel=\"noopener noreferrer nofollow\" href=\"https:\/\/www.facebook.com\/sharer\/sharer.php?u=https:\/\/www.vrtic-smokvica.hr\/natjecaj-za-radno-mjesto-kuhar-ica-3\/\" target=\"_blank\" class=\" wd-social-icon social-facebook\" aria-label=\"Facebook social link\">\n\t\t\t\t\t\t<span class=\"wd-icon\"><\/span>\n\t\t\t\t\t\t\t\t\t\t\t<\/a>\n\t\t\t\t\n\t\t\t\t\t\t\t\t\t<a rel=\"noopener noreferrer nofollow\" href=\"https:\/\/twitter.com\/share?url=https:\/\/www.vrtic-smokvica.hr\/natjecaj-za-radno-mjesto-kuhar-ica-3\/\" target=\"_blank\" class=\" wd-social-icon social-twitter\" aria-label=\"Twitter social link\">\n\t\t\t\t\t\t<span class=\"wd-icon\"><\/span>\n\t\t\t\t\t\t\t\t\t\t\t<\/a>\n\t\t\t\t\n\t\t\t\t\n\t\t\t\t\n\t\t\t\t\n\t\t\t\t\t\t\t\t\t<a rel=\"noopener noreferrer nofollow\" href=\"https:\/\/pinterest.com\/pin\/create\/button\/?url=https:\/\/www.vrtic-smokvica.hr\/natjecaj-za-radno-mjesto-kuhar-ica-3\/&media=https:\/\/www.vrtic-smokvica.hr\/wp-content\/uploads\/2024\/10\/natjecaji2-scaled.jpg&description=Radno+mjesto%3A+ODGOJITELJ%2FODGOJITELJICA+PRED%C5%A0KOLSKE+DJECE\" target=\"_blank\" class=\" wd-social-icon social-pinterest\" aria-label=\"Pinterest social link\">\n\t\t\t\t\t\t<span class=\"wd-icon\"><\/span>\n\t\t\t\t\t\t\t\t\t\t\t<\/a>\n\t\t\t\t\n\t\t\t\t\n\t\t\t\t\t\t\t\t\t<a rel=\"noopener noreferrer nofollow\" href=\"https:\/\/www.linkedin.com\/shareArticle?mini=true&url=https:\/\/www.vrtic-smokvica.hr\/natjecaj-za-radno-mjesto-kuhar-ica-3\/\" target=\"_blank\" class=\" wd-social-icon social-linkedin\" aria-label=\"Linkedin social link\">\n\t\t\t\t\t\t<span class=\"wd-icon\"><\/span>\n\t\t\t\t\t\t\t\t\t\t\t<\/a>\n\t\t\t\t\n\t\t\t\t\n\t\t\t\t\n\t\t\t\t\n\t\t\t\t\n\t\t\t\t\n\t\t\t\t\n\t\t\t\t\n\t\t\t\t\n\t\t\t\t\n\t\t\t\t\t\t\t\t\n\t\t\t\t\t\t\t\t\n\t\t\t\t\n\t\t\t\t\n\t\t\t\t\t\t\t\t\t<a rel=\"noopener noreferrer nofollow\" href=\"https:\/\/telegram.me\/share\/url?url=https:\/\/www.vrtic-smokvica.hr\/natjecaj-za-radno-mjesto-kuhar-ica-3\/\" target=\"_blank\" class=\" wd-social-icon social-tg\" aria-label=\"Telegram social link\">\n\t\t\t\t\t\t<span class=\"wd-icon\"><\/span>\n\t\t\t\t\t\t\t\t\t\t\t<\/a>\n\t\t\t\t\t\t\t\t\n\t\t\t\t\n\t\t\t<\/div>\n\n\t\t\t\t\t\t\t\t\t<\/div>\n\t\t\t\t\t\t<\/div>\n\t\t\t\t\t\t\t\t\t\t\t\t\n\t\t\t\t\t\t\t\n\t\t\t\t                    <div class=\"entry-content wd-entry-content\">\n\t\t\t\t\t\t\nBroj tra\u017eenih radnika: 1\n\n\n\nMjesto rada: Luka\n\n\n\nVrsta zaposlenja: odre\u0111eno, zamjena za porodiljni\n\n\n\nRadno vrijeme: puno radno vrijeme\n\n\n\nSmje\u0161taj: nema smje\u0161taja\n\n\n\nNaknada za prijevoz: u cijelosti\n\n\n\nNatje\u010daj vrijedi: od 27.05.2024....\n\t\t\t\t\t\t\t\t\t\t\t<\/div><!-- .entry-content -->\n\t\t\t\t\n\t\t\t\t\t\t\t\t\t\t\t\t\t\t<p class=\"read-more-section\">\n\t\t\t\t\t\t<a class=\"btn-read-more more-link\" href=\"https:\/\/www.vrtic-smokvica.hr\/natjecaj-za-radno-mjesto-kuhar-ica-3\/\">Nastavite \u010ditati<\/a>\t\t\t\t\t<\/p>\n\t\t\t\t\t\t\t\t\t\t\t\n\t\t\t\n\t\t\t\t\t<\/div>\n\t<\/div>\n<\/article><!-- #post -->\n\n\n\t\t\t\t\t\t\t\t\t\t\t\n<article id=\"post-10138\" class=\"blog-design-masonry blog-post-loop blog-style-bg  col-lg-4 col-md-4 col-sm-6 col-12 post-10138 post type-post status-publish format-standard has-post-thumbnail hentry category-natjecaji\">\n\t<div class=\"article-inner\">\n\t\t\t\t\t<header class=\"entry-header\">\n\t\t\t\t\t\t\t\t\t\n\t\t\t\t\t<figure id=\"carousel-956\" class=\"entry-thumbnail\" data-owl-carousel data-hide_pagination_control=\"yes\" data-desktop=\"1\" data-tablet=\"1\" data-tablet_landscape=\"1\" data-mobile=\"1\">\n\t\t\t\t\t\t\n\t\t\t\t\t\t\t<div class=\"post-img-wrapp\">\n\t\t\t\t\t\t\t\t<a href=\"https:\/\/www.vrtic-smokvica.hr\/natjecaj-za-radno-mjesto-kuhar-ica-2\/\">\n\t\t\t\t\t\t\t\t\t<img width=\"1300\" height=\"650\" src=\"https:\/\/www.vrtic-smokvica.hr\/wp-content\/uploads\/2024\/10\/natjecaji2-1300x650.jpg\" class=\"attachment-large size-large\" alt=\"\" decoding=\"async\" loading=\"lazy\" srcset=\"https:\/\/www.vrtic-smokvica.hr\/wp-content\/uploads\/2024\/10\/natjecaji2-1300x650.jpg 1300w, https:\/\/www.vrtic-smokvica.hr\/wp-content\/uploads\/2024\/10\/natjecaji2-400x200.jpg 400w, https:\/\/www.vrtic-smokvica.hr\/wp-content\/uploads\/2024\/10\/natjecaji2-768x384.jpg 768w, https:\/\/www.vrtic-smokvica.hr\/wp-content\/uploads\/2024\/10\/natjecaji2-1536x768.jpg 1536w, https:\/\/www.vrtic-smokvica.hr\/wp-content\/uploads\/2024\/10\/natjecaji2-2048x1024.jpg 2048w\" sizes=\"auto, (max-width: 1300px) 100vw, 1300px\" \/>\t\t\t\t\t\t\t\t<\/a>\n\t\t\t\t\t\t\t<\/div>\n\t\t\t\t\t\t\t<div class=\"post-image-mask\">\n\t\t\t\t\t\t\t\t<span><\/span>\n\t\t\t\t\t\t\t<\/div>\n\n\t\t\t\t\t\t\n\t\t\t\t\t<\/figure>\n\t\t\t\t\n\t\t\t\t\t\t\t\t\t\t\t\t<div class=\"post-date wd-post-date wd-style-with-bg\" onclick=\"\">\n\t\t\t\t<span class=\"post-date-day\">\n\t\t\t\t\t03\t\t\t\t<\/span>\n\t\t\t\t<span class=\"post-date-month\">\n\t\t\t\t\tsvi\t\t\t\t<\/span>\n\t\t\t<\/div>\n\t\t\t\t\t\t\n\t\t\t<\/header><!-- .entry-header -->\n\n\t\t<div class=\"article-body-container\">\n\t\t\t\n\t\t\t\t\t\t\t\t\t<div class=\"meta-categories-wrapp\"><div class=\"meta-post-categories wd-post-cat wd-style-with-bg\"><a href=\"https:\/\/www.vrtic-smokvica.hr\/cat\/natjecaji\/\" rel=\"category tag\">Natje\u010daji<\/a><\/div><\/div>\n\t\t\t\t\n\t\t\t\t\t\t\t\t\t<h3 class=\"wd-entities-title title post-title\">\n\t\t\t\t\t\t<a href=\"https:\/\/www.vrtic-smokvica.hr\/natjecaj-za-radno-mjesto-kuhar-ica-2\/\" rel=\"bookmark\">Natje\u010daj za radno mjesto: KUHAR\/ICA<\/a>\n\t\t\t\t\t<\/h3>\n\t\t\t\t\n\t\t\t\t\t\t\t\t\t<div class=\"entry-meta wd-entry-meta\">\n\t\t\t\t\t\t\t\t\t<ul class=\"entry-meta-list\">\n\t\t\t\t\t\t\t\t\t<li class=\"modified-date\">\n\t\t\t\t\t\t\t\t<time class=\"updated\" datetime=\"2025-02-24T23:46:25+01:00\">\n\t\t\t24. velja\u010de 2025.\t\t<\/time>\n\t\t\t\t\t\t\t<\/li>\n\n\t\t\t\t\t\n\t\t\t\t\t\t\t\t\t\t\t<li class=\"meta-author\">\n\t\t\t\t\t\t\t\t\t\t\t\t<span>Objavio<\/span>\n\t\t\n\t\t\t\t\t<img alt='author-avatar' src='https:\/\/secure.gravatar.com\/avatar\/1f4085bfb619bc2a4d4f7d4c0d15afdbfd65cd85388a28a74a7b8b31885e346f?s=32&#038;d=mm&#038;r=g' srcset='https:\/\/secure.gravatar.com\/avatar\/1f4085bfb619bc2a4d4f7d4c0d15afdbfd65cd85388a28a74a7b8b31885e346f?s=64&#038;d=mm&#038;r=g 2x' class='avatar avatar-32 photo' height='32' width='32' loading='lazy' decoding='async'\/>\t\t\n\t\t<a href=\"https:\/\/www.vrtic-smokvica.hr\/author\/admin_smokvica\/\" rel=\"author\">\n\t\t\t<span class=\"vcard author author_name\">\n\t\t\t\t<span class=\"fn\">Dje\u010dji vrti\u0107 Smokvica<\/span>\n\t\t\t<\/span>\n\t\t<\/a>\n\t\t\t\t\t\t\t\t<\/li>\n\t\t\t\t\t\n\t\t\t\t\t\n\t\t\t\t\t\t\t\t\t\t\t\t<\/ul>\n\t\t\t\t\t\t\t<\/div><!-- .entry-meta -->\n\t\t\t\t\t\t\t\t\t\t\t<div class=\"hovered-social-icons wd-tltp wd-tltp-top\">\n\t\t\t\t\t\t\t<div class=\"wd-tooltip-label\">\n\t\t\t\t\t\t\t\t\n\t\t\t<div class=\" wd-social-icons  icons-design-default icons-size-small color-scheme-light social-share social-form-circle text-center\">\n\n\t\t\t\t\n\t\t\t\t\t\t\t\t\t<a rel=\"noopener noreferrer nofollow\" href=\"https:\/\/www.facebook.com\/sharer\/sharer.php?u=https:\/\/www.vrtic-smokvica.hr\/natjecaj-za-radno-mjesto-kuhar-ica-2\/\" target=\"_blank\" class=\" wd-social-icon social-facebook\" aria-label=\"Facebook social link\">\n\t\t\t\t\t\t<span class=\"wd-icon\"><\/span>\n\t\t\t\t\t\t\t\t\t\t\t<\/a>\n\t\t\t\t\n\t\t\t\t\t\t\t\t\t<a rel=\"noopener noreferrer nofollow\" href=\"https:\/\/twitter.com\/share?url=https:\/\/www.vrtic-smokvica.hr\/natjecaj-za-radno-mjesto-kuhar-ica-2\/\" target=\"_blank\" class=\" wd-social-icon social-twitter\" aria-label=\"Twitter social link\">\n\t\t\t\t\t\t<span class=\"wd-icon\"><\/span>\n\t\t\t\t\t\t\t\t\t\t\t<\/a>\n\t\t\t\t\n\t\t\t\t\n\t\t\t\t\n\t\t\t\t\n\t\t\t\t\t\t\t\t\t<a rel=\"noopener noreferrer nofollow\" href=\"https:\/\/pinterest.com\/pin\/create\/button\/?url=https:\/\/www.vrtic-smokvica.hr\/natjecaj-za-radno-mjesto-kuhar-ica-2\/&media=https:\/\/www.vrtic-smokvica.hr\/wp-content\/uploads\/2024\/10\/natjecaji2-scaled.jpg&description=Natje%C4%8Daj+za+radno+mjesto%3A+KUHAR%2FICA\" target=\"_blank\" class=\" wd-social-icon social-pinterest\" aria-label=\"Pinterest social link\">\n\t\t\t\t\t\t<span class=\"wd-icon\"><\/span>\n\t\t\t\t\t\t\t\t\t\t\t<\/a>\n\t\t\t\t\n\t\t\t\t\n\t\t\t\t\t\t\t\t\t<a rel=\"noopener noreferrer nofollow\" href=\"https:\/\/www.linkedin.com\/shareArticle?mini=true&url=https:\/\/www.vrtic-smokvica.hr\/natjecaj-za-radno-mjesto-kuhar-ica-2\/\" target=\"_blank\" class=\" wd-social-icon social-linkedin\" aria-label=\"Linkedin social link\">\n\t\t\t\t\t\t<span class=\"wd-icon\"><\/span>\n\t\t\t\t\t\t\t\t\t\t\t<\/a>\n\t\t\t\t\n\t\t\t\t\n\t\t\t\t\n\t\t\t\t\n\t\t\t\t\n\t\t\t\t\n\t\t\t\t\n\t\t\t\t\n\t\t\t\t\n\t\t\t\t\n\t\t\t\t\t\t\t\t\n\t\t\t\t\t\t\t\t\n\t\t\t\t\n\t\t\t\t\n\t\t\t\t\t\t\t\t\t<a rel=\"noopener noreferrer nofollow\" href=\"https:\/\/telegram.me\/share\/url?url=https:\/\/www.vrtic-smokvica.hr\/natjecaj-za-radno-mjesto-kuhar-ica-2\/\" target=\"_blank\" class=\" wd-social-icon social-tg\" aria-label=\"Telegram social link\">\n\t\t\t\t\t\t<span class=\"wd-icon\"><\/span>\n\t\t\t\t\t\t\t\t\t\t\t<\/a>\n\t\t\t\t\t\t\t\t\n\t\t\t\t\n\t\t\t<\/div>\n\n\t\t\t\t\t\t\t\t\t<\/div>\n\t\t\t\t\t\t<\/div>\n\t\t\t\t\t\t\t\t\t\t\t\t\n\t\t\t\t\t\t\t\n\t\t\t\t                    <div class=\"entry-content wd-entry-content\">\n\t\t\t\t\t\t\nBroj tra\u017eenih radnika: 1\n\n\n\nMjesto rada: Luka, Trg Sv. Roka 4\n\n\n\nVrsta zaposlenja: zamjena za du\u017ee bolovanje\n\n\n\nRadno vrijeme: nepuno radno vrijeme, 20 sati tjedno\n\n\n\nSmje\u0161taj: nema smje\u0161taja\n\n\n\nNaknada za prijevoz: u cijelosti\n\n\t\t\t\t\t\t\t\t\t\t\t<\/div><!-- .entry-content -->\n\t\t\t\t\n\t\t\t\t\t\t\t\t\t\t\t\t\t\t<p class=\"read-more-section\">\n\t\t\t\t\t\t<a class=\"btn-read-more more-link\" href=\"https:\/\/www.vrtic-smokvica.hr\/natjecaj-za-radno-mjesto-kuhar-ica-2\/\">Nastavite \u010ditati<\/a>\t\t\t\t\t<\/p>\n\t\t\t\t\t\t\t\t\t\t\t\n\t\t\t\n\t\t\t\t\t<\/div>\n\t<\/div>\n<\/article><!-- #post -->\n\n\n\t\t\t\t\t\t\t\t\t\t\t\n<article id=\"post-10136\" class=\"blog-design-masonry blog-post-loop blog-style-bg  col-lg-4 col-md-4 col-sm-6 col-12 last  post-10136 post type-post status-publish format-standard has-post-thumbnail hentry category-natjecaji\">\n\t<div class=\"article-inner\">\n\t\t\t\t\t<header class=\"entry-header\">\n\t\t\t\t\t\t\t\t\t\n\t\t\t\t\t<figure id=\"carousel-782\" class=\"entry-thumbnail\" data-owl-carousel data-hide_pagination_control=\"yes\" data-desktop=\"1\" data-tablet=\"1\" data-tablet_landscape=\"1\" data-mobile=\"1\">\n\t\t\t\t\t\t\n\t\t\t\t\t\t\t<div class=\"post-img-wrapp\">\n\t\t\t\t\t\t\t\t<a href=\"https:\/\/www.vrtic-smokvica.hr\/natjecaj-za-radno-mjesto-kuhar-ica\/\">\n\t\t\t\t\t\t\t\t\t<img width=\"1300\" height=\"650\" src=\"https:\/\/www.vrtic-smokvica.hr\/wp-content\/uploads\/2024\/10\/natjecaji2-1300x650.jpg\" class=\"attachment-large size-large\" alt=\"\" decoding=\"async\" loading=\"lazy\" srcset=\"https:\/\/www.vrtic-smokvica.hr\/wp-content\/uploads\/2024\/10\/natjecaji2-1300x650.jpg 1300w, https:\/\/www.vrtic-smokvica.hr\/wp-content\/uploads\/2024\/10\/natjecaji2-400x200.jpg 400w, https:\/\/www.vrtic-smokvica.hr\/wp-content\/uploads\/2024\/10\/natjecaji2-768x384.jpg 768w, https:\/\/www.vrtic-smokvica.hr\/wp-content\/uploads\/2024\/10\/natjecaji2-1536x768.jpg 1536w, https:\/\/www.vrtic-smokvica.hr\/wp-content\/uploads\/2024\/10\/natjecaji2-2048x1024.jpg 2048w\" sizes=\"auto, (max-width: 1300px) 100vw, 1300px\" \/>\t\t\t\t\t\t\t\t<\/a>\n\t\t\t\t\t\t\t<\/div>\n\t\t\t\t\t\t\t<div class=\"post-image-mask\">\n\t\t\t\t\t\t\t\t<span><\/span>\n\t\t\t\t\t\t\t<\/div>\n\n\t\t\t\t\t\t\n\t\t\t\t\t<\/figure>\n\t\t\t\t\n\t\t\t\t\t\t\t\t\t\t\t\t<div class=\"post-date wd-post-date wd-style-with-bg\" onclick=\"\">\n\t\t\t\t<span class=\"post-date-day\">\n\t\t\t\t\t24\t\t\t\t<\/span>\n\t\t\t\t<span class=\"post-date-month\">\n\t\t\t\t\ttra\t\t\t\t<\/span>\n\t\t\t<\/div>\n\t\t\t\t\t\t\n\t\t\t<\/header><!-- .entry-header -->\n\n\t\t<div class=\"article-body-container\">\n\t\t\t\n\t\t\t\t\t\t\t\t\t<div class=\"meta-categories-wrapp\"><div class=\"meta-post-categories wd-post-cat wd-style-with-bg\"><a href=\"https:\/\/www.vrtic-smokvica.hr\/cat\/natjecaji\/\" rel=\"category tag\">Natje\u010daji<\/a><\/div><\/div>\n\t\t\t\t\n\t\t\t\t\t\t\t\t\t<h3 class=\"wd-entities-title title post-title\">\n\t\t\t\t\t\t<a href=\"https:\/\/www.vrtic-smokvica.hr\/natjecaj-za-radno-mjesto-kuhar-ica\/\" rel=\"bookmark\">Natje\u010daj za radno mjesto: KUHAR\/ICA<\/a>\n\t\t\t\t\t<\/h3>\n\t\t\t\t\n\t\t\t\t\t\t\t\t\t<div class=\"entry-meta wd-entry-meta\">\n\t\t\t\t\t\t\t\t\t<ul class=\"entry-meta-list\">\n\t\t\t\t\t\t\t\t\t<li class=\"modified-date\">\n\t\t\t\t\t\t\t\t<time class=\"updated\" datetime=\"2025-02-24T23:46:25+01:00\">\n\t\t\t24. velja\u010de 2025.\t\t<\/time>\n\t\t\t\t\t\t\t<\/li>\n\n\t\t\t\t\t\n\t\t\t\t\t\t\t\t\t\t\t<li class=\"meta-author\">\n\t\t\t\t\t\t\t\t\t\t\t\t<span>Objavio<\/span>\n\t\t\n\t\t\t\t\t<img alt='author-avatar' src='https:\/\/secure.gravatar.com\/avatar\/1f4085bfb619bc2a4d4f7d4c0d15afdbfd65cd85388a28a74a7b8b31885e346f?s=32&#038;d=mm&#038;r=g' srcset='https:\/\/secure.gravatar.com\/avatar\/1f4085bfb619bc2a4d4f7d4c0d15afdbfd65cd85388a28a74a7b8b31885e346f?s=64&#038;d=mm&#038;r=g 2x' class='avatar avatar-32 photo' height='32' width='32' loading='lazy' decoding='async'\/>\t\t\n\t\t<a href=\"https:\/\/www.vrtic-smokvica.hr\/author\/admin_smokvica\/\" rel=\"author\">\n\t\t\t<span class=\"vcard author author_name\">\n\t\t\t\t<span class=\"fn\">Dje\u010dji vrti\u0107 Smokvica<\/span>\n\t\t\t<\/span>\n\t\t<\/a>\n\t\t\t\t\t\t\t\t<\/li>\n\t\t\t\t\t\n\t\t\t\t\t\n\t\t\t\t\t\t\t\t\t\t\t\t<\/ul>\n\t\t\t\t\t\t\t<\/div><!-- .entry-meta -->\n\t\t\t\t\t\t\t\t\t\t\t<div class=\"hovered-social-icons wd-tltp wd-tltp-top\">\n\t\t\t\t\t\t\t<div class=\"wd-tooltip-label\">\n\t\t\t\t\t\t\t\t\n\t\t\t<div class=\" wd-social-icons  icons-design-default icons-size-small color-scheme-light social-share social-form-circle text-center\">\n\n\t\t\t\t\n\t\t\t\t\t\t\t\t\t<a rel=\"noopener noreferrer nofollow\" href=\"https:\/\/www.facebook.com\/sharer\/sharer.php?u=https:\/\/www.vrtic-smokvica.hr\/natjecaj-za-radno-mjesto-kuhar-ica\/\" target=\"_blank\" class=\" wd-social-icon social-facebook\" aria-label=\"Facebook social link\">\n\t\t\t\t\t\t<span class=\"wd-icon\"><\/span>\n\t\t\t\t\t\t\t\t\t\t\t<\/a>\n\t\t\t\t\n\t\t\t\t\t\t\t\t\t<a rel=\"noopener noreferrer nofollow\" href=\"https:\/\/twitter.com\/share?url=https:\/\/www.vrtic-smokvica.hr\/natjecaj-za-radno-mjesto-kuhar-ica\/\" target=\"_blank\" class=\" wd-social-icon social-twitter\" aria-label=\"Twitter social link\">\n\t\t\t\t\t\t<span class=\"wd-icon\"><\/span>\n\t\t\t\t\t\t\t\t\t\t\t<\/a>\n\t\t\t\t\n\t\t\t\t\n\t\t\t\t\n\t\t\t\t\n\t\t\t\t\t\t\t\t\t<a rel=\"noopener noreferrer nofollow\" href=\"https:\/\/pinterest.com\/pin\/create\/button\/?url=https:\/\/www.vrtic-smokvica.hr\/natjecaj-za-radno-mjesto-kuhar-ica\/&media=https:\/\/www.vrtic-smokvica.hr\/wp-content\/uploads\/2024\/10\/natjecaji2-scaled.jpg&description=Natje%C4%8Daj+za+radno+mjesto%3A+KUHAR%2FICA\" target=\"_blank\" class=\" wd-social-icon social-pinterest\" aria-label=\"Pinterest social link\">\n\t\t\t\t\t\t<span class=\"wd-icon\"><\/span>\n\t\t\t\t\t\t\t\t\t\t\t<\/a>\n\t\t\t\t\n\t\t\t\t\n\t\t\t\t\t\t\t\t\t<a rel=\"noopener noreferrer nofollow\" href=\"https:\/\/www.linkedin.com\/shareArticle?mini=true&url=https:\/\/www.vrtic-smokvica.hr\/natjecaj-za-radno-mjesto-kuhar-ica\/\" target=\"_blank\" class=\" wd-social-icon social-linkedin\" aria-label=\"Linkedin social link\">\n\t\t\t\t\t\t<span class=\"wd-icon\"><\/span>\n\t\t\t\t\t\t\t\t\t\t\t<\/a>\n\t\t\t\t\n\t\t\t\t\n\t\t\t\t\n\t\t\t\t\n\t\t\t\t\n\t\t\t\t\n\t\t\t\t\n\t\t\t\t\n\t\t\t\t\n\t\t\t\t\n\t\t\t\t\t\t\t\t\n\t\t\t\t\t\t\t\t\n\t\t\t\t\n\t\t\t\t\n\t\t\t\t\t\t\t\t\t<a rel=\"noopener noreferrer nofollow\" href=\"https:\/\/telegram.me\/share\/url?url=https:\/\/www.vrtic-smokvica.hr\/natjecaj-za-radno-mjesto-kuhar-ica\/\" target=\"_blank\" class=\" wd-social-icon social-tg\" aria-label=\"Telegram social link\">\n\t\t\t\t\t\t<span class=\"wd-icon\"><\/span>\n\t\t\t\t\t\t\t\t\t\t\t<\/a>\n\t\t\t\t\t\t\t\t\n\t\t\t\t\n\t\t\t<\/div>\n\n\t\t\t\t\t\t\t\t\t<\/div>\n\t\t\t\t\t\t<\/div>\n\t\t\t\t\t\t\t\t\t\t\t\t\n\t\t\t\t\t\t\t\n\t\t\t\t                    <div class=\"entry-content wd-entry-content\">\n\t\t\t\t\t\t\nNatje\u010daj za radno mjesto: KUHAR\/ICA\n\n\n\nBroj tra\u017eenih radnika: 1\n\n\n\nMjesto rada: Luka, Trg Sv. Roka 4\n\n\n\nVrsta zaposlenja: zamjena za du\u017ee bolovanje\n\n\n\nRadno vrijeme: nepuno radno vrijeme, 20 sati tjedno\n\n\n\nSmje\u0161taj: nema smje\u0161taja\n\n\t\t\t\t\t\t\t\t\t\t\t<\/div><!-- .entry-content -->\n\t\t\t\t\n\t\t\t\t\t\t\t\t\t\t\t\t\t\t<p class=\"read-more-section\">\n\t\t\t\t\t\t<a class=\"btn-read-more more-link\" href=\"https:\/\/www.vrtic-smokvica.hr\/natjecaj-za-radno-mjesto-kuhar-ica\/\">Nastavite \u010ditati<\/a>\t\t\t\t\t<\/p>\n\t\t\t\t\t\t\t\t\t\t\t\n\t\t\t\n\t\t\t\t\t<\/div>\n\t<\/div>\n<\/article><!-- #post -->\n\n\n\t\t\t\t\t\t\t\t\t\t\t\n<article id=\"post-4571\" class=\"blog-design-masonry blog-post-loop blog-style-bg  col-lg-4 col-md-4 col-sm-6 col-12 first  post-4571 post type-post status-publish format-standard has-post-thumbnail hentry category-natjecaji\">\n\t<div class=\"article-inner\">\n\t\t\t\t\t<header class=\"entry-header\">\n\t\t\t\t\t\t\t\t\t\n\t\t\t\t\t<figure id=\"carousel-937\" class=\"entry-thumbnail\" data-owl-carousel data-hide_pagination_control=\"yes\" data-desktop=\"1\" data-tablet=\"1\" data-tablet_landscape=\"1\" data-mobile=\"1\">\n\t\t\t\t\t\t\n\t\t\t\t\t\t\t<div class=\"post-img-wrapp\">\n\t\t\t\t\t\t\t\t<a href=\"https:\/\/www.vrtic-smokvica.hr\/radno-mjesto-odgojitelj-odgojiteljica-djece-rane-i-predskolske-dobi-2\/\">\n\t\t\t\t\t\t\t\t\t<img width=\"1300\" height=\"650\" src=\"https:\/\/www.vrtic-smokvica.hr\/wp-content\/uploads\/2024\/10\/natjecaji2-1300x650.jpg\" class=\"attachment-large size-large\" alt=\"\" decoding=\"async\" loading=\"lazy\" srcset=\"https:\/\/www.vrtic-smokvica.hr\/wp-content\/uploads\/2024\/10\/natjecaji2-1300x650.jpg 1300w, https:\/\/www.vrtic-smokvica.hr\/wp-content\/uploads\/2024\/10\/natjecaji2-400x200.jpg 400w, https:\/\/www.vrtic-smokvica.hr\/wp-content\/uploads\/2024\/10\/natjecaji2-768x384.jpg 768w, https:\/\/www.vrtic-smokvica.hr\/wp-content\/uploads\/2024\/10\/natjecaji2-1536x768.jpg 1536w, https:\/\/www.vrtic-smokvica.hr\/wp-content\/uploads\/2024\/10\/natjecaji2-2048x1024.jpg 2048w\" sizes=\"auto, (max-width: 1300px) 100vw, 1300px\" \/>\t\t\t\t\t\t\t\t<\/a>\n\t\t\t\t\t\t\t<\/div>\n\t\t\t\t\t\t\t<div class=\"post-image-mask\">\n\t\t\t\t\t\t\t\t<span><\/span>\n\t\t\t\t\t\t\t<\/div>\n\n\t\t\t\t\t\t\n\t\t\t\t\t<\/figure>\n\t\t\t\t\n\t\t\t\t\t\t\t\t\t\t\t\t<div class=\"post-date wd-post-date wd-style-with-bg\" onclick=\"\">\n\t\t\t\t<span class=\"post-date-day\">\n\t\t\t\t\t04\t\t\t\t<\/span>\n\t\t\t\t<span class=\"post-date-month\">\n\t\t\t\t\to\u017eu\t\t\t\t<\/span>\n\t\t\t<\/div>\n\t\t\t\t\t\t\n\t\t\t<\/header><!-- .entry-header -->\n\n\t\t<div class=\"article-body-container\">\n\t\t\t\n\t\t\t\t\t\t\t\t\t<div class=\"meta-categories-wrapp\"><div class=\"meta-post-categories wd-post-cat wd-style-with-bg\"><a href=\"https:\/\/www.vrtic-smokvica.hr\/cat\/natjecaji\/\" rel=\"category tag\">Natje\u010daji<\/a><\/div><\/div>\n\t\t\t\t\n\t\t\t\t\t\t\t\t\t<h3 class=\"wd-entities-title title post-title\">\n\t\t\t\t\t\t<a href=\"https:\/\/www.vrtic-smokvica.hr\/radno-mjesto-odgojitelj-odgojiteljica-djece-rane-i-predskolske-dobi-2\/\" rel=\"bookmark\">Radno mjesto: ODGOJITELJ\/ODGOJITELJICA DJECE RANE I PRED\u0160KOLSKE DOBI<\/a>\n\t\t\t\t\t<\/h3>\n\t\t\t\t\n\t\t\t\t\t\t\t\t\t<div class=\"entry-meta wd-entry-meta\">\n\t\t\t\t\t\t\t\t\t<ul class=\"entry-meta-list\">\n\t\t\t\t\t\t\t\t\t<li class=\"modified-date\">\n\t\t\t\t\t\t\t\t<time class=\"updated\" datetime=\"2025-02-24T23:46:25+01:00\">\n\t\t\t24. velja\u010de 2025.\t\t<\/time>\n\t\t\t\t\t\t\t<\/li>\n\n\t\t\t\t\t\n\t\t\t\t\t\t\t\t\t\t\t<li class=\"meta-author\">\n\t\t\t\t\t\t\t\t\t\t\t\t<span>Objavio<\/span>\n\t\t\n\t\t\t\t\t<img alt='author-avatar' src='https:\/\/secure.gravatar.com\/avatar\/1f4085bfb619bc2a4d4f7d4c0d15afdbfd65cd85388a28a74a7b8b31885e346f?s=32&#038;d=mm&#038;r=g' srcset='https:\/\/secure.gravatar.com\/avatar\/1f4085bfb619bc2a4d4f7d4c0d15afdbfd65cd85388a28a74a7b8b31885e346f?s=64&#038;d=mm&#038;r=g 2x' class='avatar avatar-32 photo' height='32' width='32' loading='lazy' decoding='async'\/>\t\t\n\t\t<a href=\"https:\/\/www.vrtic-smokvica.hr\/author\/admin_smokvica\/\" rel=\"author\">\n\t\t\t<span class=\"vcard author author_name\">\n\t\t\t\t<span class=\"fn\">Dje\u010dji vrti\u0107 Smokvica<\/span>\n\t\t\t<\/span>\n\t\t<\/a>\n\t\t\t\t\t\t\t\t<\/li>\n\t\t\t\t\t\n\t\t\t\t\t\n\t\t\t\t\t\t\t\t\t\t\t\t<\/ul>\n\t\t\t\t\t\t\t<\/div><!-- .entry-meta -->\n\t\t\t\t\t\t\t\t\t\t\t<div class=\"hovered-social-icons wd-tltp wd-tltp-top\">\n\t\t\t\t\t\t\t<div class=\"wd-tooltip-label\">\n\t\t\t\t\t\t\t\t\n\t\t\t<div class=\" wd-social-icons  icons-design-default icons-size-small color-scheme-light social-share social-form-circle text-center\">\n\n\t\t\t\t\n\t\t\t\t\t\t\t\t\t<a rel=\"noopener noreferrer nofollow\" href=\"https:\/\/www.facebook.com\/sharer\/sharer.php?u=https:\/\/www.vrtic-smokvica.hr\/radno-mjesto-odgojitelj-odgojiteljica-djece-rane-i-predskolske-dobi-2\/\" target=\"_blank\" class=\" wd-social-icon social-facebook\" aria-label=\"Facebook social link\">\n\t\t\t\t\t\t<span class=\"wd-icon\"><\/span>\n\t\t\t\t\t\t\t\t\t\t\t<\/a>\n\t\t\t\t\n\t\t\t\t\t\t\t\t\t<a rel=\"noopener noreferrer nofollow\" href=\"https:\/\/twitter.com\/share?url=https:\/\/www.vrtic-smokvica.hr\/radno-mjesto-odgojitelj-odgojiteljica-djece-rane-i-predskolske-dobi-2\/\" target=\"_blank\" class=\" wd-social-icon social-twitter\" aria-label=\"Twitter social link\">\n\t\t\t\t\t\t<span class=\"wd-icon\"><\/span>\n\t\t\t\t\t\t\t\t\t\t\t<\/a>\n\t\t\t\t\n\t\t\t\t\n\t\t\t\t\n\t\t\t\t\n\t\t\t\t\t\t\t\t\t<a rel=\"noopener noreferrer nofollow\" href=\"https:\/\/pinterest.com\/pin\/create\/button\/?url=https:\/\/www.vrtic-smokvica.hr\/radno-mjesto-odgojitelj-odgojiteljica-djece-rane-i-predskolske-dobi-2\/&media=https:\/\/www.vrtic-smokvica.hr\/wp-content\/uploads\/2024\/10\/natjecaji2-scaled.jpg&description=Radno+mjesto%3A+ODGOJITELJ%2FODGOJITELJICA+DJECE+RANE+I+PRED%C5%A0KOLSKE+DOBI\" target=\"_blank\" class=\" wd-social-icon social-pinterest\" aria-label=\"Pinterest social link\">\n\t\t\t\t\t\t<span class=\"wd-icon\"><\/span>\n\t\t\t\t\t\t\t\t\t\t\t<\/a>\n\t\t\t\t\n\t\t\t\t\n\t\t\t\t\t\t\t\t\t<a rel=\"noopener noreferrer nofollow\" href=\"https:\/\/www.linkedin.com\/shareArticle?mini=true&url=https:\/\/www.vrtic-smokvica.hr\/radno-mjesto-odgojitelj-odgojiteljica-djece-rane-i-predskolske-dobi-2\/\" target=\"_blank\" class=\" wd-social-icon social-linkedin\" aria-label=\"Linkedin social link\">\n\t\t\t\t\t\t<span class=\"wd-icon\"><\/span>\n\t\t\t\t\t\t\t\t\t\t\t<\/a>\n\t\t\t\t\n\t\t\t\t\n\t\t\t\t\n\t\t\t\t\n\t\t\t\t\n\t\t\t\t\n\t\t\t\t\n\t\t\t\t\n\t\t\t\t\n\t\t\t\t\n\t\t\t\t\t\t\t\t\n\t\t\t\t\t\t\t\t\n\t\t\t\t\n\t\t\t\t\n\t\t\t\t\t\t\t\t\t<a rel=\"noopener noreferrer nofollow\" href=\"https:\/\/telegram.me\/share\/url?url=https:\/\/www.vrtic-smokvica.hr\/radno-mjesto-odgojitelj-odgojiteljica-djece-rane-i-predskolske-dobi-2\/\" target=\"_blank\" class=\" wd-social-icon social-tg\" aria-label=\"Telegram social link\">\n\t\t\t\t\t\t<span class=\"wd-icon\"><\/span>\n\t\t\t\t\t\t\t\t\t\t\t<\/a>\n\t\t\t\t\t\t\t\t\n\t\t\t\t\n\t\t\t<\/div>\n\n\t\t\t\t\t\t\t\t\t<\/div>\n\t\t\t\t\t\t<\/div>\n\t\t\t\t\t\t\t\t\t\t\t\t\n\t\t\t\t\t\t\t\n\t\t\t\t                    <div class=\"entry-content wd-entry-content\">\n\t\t\t\t\t\t\n\n \tBroj tra\u017eenih radnika: 1\n \tMjesto rada: LUKA, TRG SVETOG ROKA 4\n \tVrsta zaposlenja: neodre\u0111eno, upra\u017enjeni poslovi\n \tRadno vrijeme: puno radno vrijeme\n \tSmje\u0161taj: nema smje\u0161taja\n \tNaknada za prijevoz: u cijelosti\n \tNatje\u010daj vrijedi: od 05.03.2024. do 15.03.2024.\n \tRazina obrazovanja: prvostupanjska, V\u0160S, VSS, MR\n \tRadno iskustvo: nije uvjet\n \tOpis poslova: poslovi odgojitelja...\n\t\t\t\t\t\t\t\t\t\t\t<\/div><!-- .entry-content -->\n\t\t\t\t\n\t\t\t\t\t\t\t\t\t\t\t\t\t\t<p class=\"read-more-section\">\n\t\t\t\t\t\t<a class=\"btn-read-more more-link\" href=\"https:\/\/www.vrtic-smokvica.hr\/radno-mjesto-odgojitelj-odgojiteljica-djece-rane-i-predskolske-dobi-2\/\">Nastavite \u010ditati<\/a>\t\t\t\t\t<\/p>\n\t\t\t\t\t\t\t\t\t\t\t\n\t\t\t\n\t\t\t\t\t<\/div>\n\t<\/div>\n<\/article><!-- #post -->\n\n\n\t\t\t\t\t\t\t\t\t\t\t\n<article id=\"post-4566\" class=\"blog-design-masonry blog-post-loop blog-style-bg  col-lg-4 col-md-4 col-sm-6 col-12 post-4566 post type-post status-publish format-standard has-post-thumbnail hentry category-natjecaji\">\n\t<div class=\"article-inner\">\n\t\t\t\t\t<header class=\"entry-header\">\n\t\t\t\t\t\t\t\t\t\n\t\t\t\t\t<figure id=\"carousel-388\" class=\"entry-thumbnail\" data-owl-carousel data-hide_pagination_control=\"yes\" data-desktop=\"1\" data-tablet=\"1\" data-tablet_landscape=\"1\" data-mobile=\"1\">\n\t\t\t\t\t\t\n\t\t\t\t\t\t\t<div class=\"post-img-wrapp\">\n\t\t\t\t\t\t\t\t<a href=\"https:\/\/www.vrtic-smokvica.hr\/radno-mjesto-odgojitelj-odgojiteljica-djece-rane-i-predskolske-dobi\/\">\n\t\t\t\t\t\t\t\t\t<img width=\"1300\" height=\"650\" src=\"https:\/\/www.vrtic-smokvica.hr\/wp-content\/uploads\/2024\/10\/natjecaji2-1300x650.jpg\" class=\"attachment-large size-large\" alt=\"\" decoding=\"async\" loading=\"lazy\" srcset=\"https:\/\/www.vrtic-smokvica.hr\/wp-content\/uploads\/2024\/10\/natjecaji2-1300x650.jpg 1300w, https:\/\/www.vrtic-smokvica.hr\/wp-content\/uploads\/2024\/10\/natjecaji2-400x200.jpg 400w, https:\/\/www.vrtic-smokvica.hr\/wp-content\/uploads\/2024\/10\/natjecaji2-768x384.jpg 768w, https:\/\/www.vrtic-smokvica.hr\/wp-content\/uploads\/2024\/10\/natjecaji2-1536x768.jpg 1536w, https:\/\/www.vrtic-smokvica.hr\/wp-content\/uploads\/2024\/10\/natjecaji2-2048x1024.jpg 2048w\" sizes=\"auto, (max-width: 1300px) 100vw, 1300px\" \/>\t\t\t\t\t\t\t\t<\/a>\n\t\t\t\t\t\t\t<\/div>\n\t\t\t\t\t\t\t<div class=\"post-image-mask\">\n\t\t\t\t\t\t\t\t<span><\/span>\n\t\t\t\t\t\t\t<\/div>\n\n\t\t\t\t\t\t\n\t\t\t\t\t<\/figure>\n\t\t\t\t\n\t\t\t\t\t\t\t\t\t\t\t\t<div class=\"post-date wd-post-date wd-style-with-bg\" onclick=\"\">\n\t\t\t\t<span class=\"post-date-day\">\n\t\t\t\t\t03\t\t\t\t<\/span>\n\t\t\t\t<span class=\"post-date-month\">\n\t\t\t\t\tvelj\t\t\t\t<\/span>\n\t\t\t<\/div>\n\t\t\t\t\t\t\n\t\t\t<\/header><!-- .entry-header -->\n\n\t\t<div class=\"article-body-container\">\n\t\t\t\n\t\t\t\t\t\t\t\t\t<div class=\"meta-categories-wrapp\"><div class=\"meta-post-categories wd-post-cat wd-style-with-bg\"><a href=\"https:\/\/www.vrtic-smokvica.hr\/cat\/natjecaji\/\" rel=\"category tag\">Natje\u010daji<\/a><\/div><\/div>\n\t\t\t\t\n\t\t\t\t\t\t\t\t\t<h3 class=\"wd-entities-title title post-title\">\n\t\t\t\t\t\t<a href=\"https:\/\/www.vrtic-smokvica.hr\/radno-mjesto-odgojitelj-odgojiteljica-djece-rane-i-predskolske-dobi\/\" rel=\"bookmark\">Radno mjesto: ODGOJITELJ\/ODGOJITELJICA DJECE RANE I PRED\u0160KOLSKE DOBI<\/a>\n\t\t\t\t\t<\/h3>\n\t\t\t\t\n\t\t\t\t\t\t\t\t\t<div class=\"entry-meta wd-entry-meta\">\n\t\t\t\t\t\t\t\t\t<ul class=\"entry-meta-list\">\n\t\t\t\t\t\t\t\t\t<li class=\"modified-date\">\n\t\t\t\t\t\t\t\t<time class=\"updated\" datetime=\"2025-02-24T23:46:25+01:00\">\n\t\t\t24. velja\u010de 2025.\t\t<\/time>\n\t\t\t\t\t\t\t<\/li>\n\n\t\t\t\t\t\n\t\t\t\t\t\t\t\t\t\t\t<li class=\"meta-author\">\n\t\t\t\t\t\t\t\t\t\t\t\t<span>Objavio<\/span>\n\t\t\n\t\t\t\t\t<img alt='author-avatar' src='https:\/\/secure.gravatar.com\/avatar\/1f4085bfb619bc2a4d4f7d4c0d15afdbfd65cd85388a28a74a7b8b31885e346f?s=32&#038;d=mm&#038;r=g' srcset='https:\/\/secure.gravatar.com\/avatar\/1f4085bfb619bc2a4d4f7d4c0d15afdbfd65cd85388a28a74a7b8b31885e346f?s=64&#038;d=mm&#038;r=g 2x' class='avatar avatar-32 photo' height='32' width='32' loading='lazy' decoding='async'\/>\t\t\n\t\t<a href=\"https:\/\/www.vrtic-smokvica.hr\/author\/admin_smokvica\/\" rel=\"author\">\n\t\t\t<span class=\"vcard author author_name\">\n\t\t\t\t<span class=\"fn\">Dje\u010dji vrti\u0107 Smokvica<\/span>\n\t\t\t<\/span>\n\t\t<\/a>\n\t\t\t\t\t\t\t\t<\/li>\n\t\t\t\t\t\n\t\t\t\t\t\n\t\t\t\t\t\t\t\t\t\t\t\t<\/ul>\n\t\t\t\t\t\t\t<\/div><!-- .entry-meta -->\n\t\t\t\t\t\t\t\t\t\t\t<div class=\"hovered-social-icons wd-tltp wd-tltp-top\">\n\t\t\t\t\t\t\t<div class=\"wd-tooltip-label\">\n\t\t\t\t\t\t\t\t\n\t\t\t<div class=\" wd-social-icons  icons-design-default icons-size-small color-scheme-light social-share social-form-circle text-center\">\n\n\t\t\t\t\n\t\t\t\t\t\t\t\t\t<a rel=\"noopener noreferrer nofollow\" href=\"https:\/\/www.facebook.com\/sharer\/sharer.php?u=https:\/\/www.vrtic-smokvica.hr\/radno-mjesto-odgojitelj-odgojiteljica-djece-rane-i-predskolske-dobi\/\" target=\"_blank\" class=\" wd-social-icon social-facebook\" aria-label=\"Facebook social link\">\n\t\t\t\t\t\t<span class=\"wd-icon\"><\/span>\n\t\t\t\t\t\t\t\t\t\t\t<\/a>\n\t\t\t\t\n\t\t\t\t\t\t\t\t\t<a rel=\"noopener noreferrer nofollow\" href=\"https:\/\/twitter.com\/share?url=https:\/\/www.vrtic-smokvica.hr\/radno-mjesto-odgojitelj-odgojiteljica-djece-rane-i-predskolske-dobi\/\" target=\"_blank\" class=\" wd-social-icon social-twitter\" aria-label=\"Twitter social link\">\n\t\t\t\t\t\t<span class=\"wd-icon\"><\/span>\n\t\t\t\t\t\t\t\t\t\t\t<\/a>\n\t\t\t\t\n\t\t\t\t\n\t\t\t\t\n\t\t\t\t\n\t\t\t\t\t\t\t\t\t<a rel=\"noopener noreferrer nofollow\" href=\"https:\/\/pinterest.com\/pin\/create\/button\/?url=https:\/\/www.vrtic-smokvica.hr\/radno-mjesto-odgojitelj-odgojiteljica-djece-rane-i-predskolske-dobi\/&media=https:\/\/www.vrtic-smokvica.hr\/wp-content\/uploads\/2024\/10\/natjecaji2-scaled.jpg&description=Radno+mjesto%3A+ODGOJITELJ%2FODGOJITELJICA+DJECE+RANE+I+PRED%C5%A0KOLSKE+DOBI\" target=\"_blank\" class=\" wd-social-icon social-pinterest\" aria-label=\"Pinterest social link\">\n\t\t\t\t\t\t<span class=\"wd-icon\"><\/span>\n\t\t\t\t\t\t\t\t\t\t\t<\/a>\n\t\t\t\t\n\t\t\t\t\n\t\t\t\t\t\t\t\t\t<a rel=\"noopener noreferrer nofollow\" href=\"https:\/\/www.linkedin.com\/shareArticle?mini=true&url=https:\/\/www.vrtic-smokvica.hr\/radno-mjesto-odgojitelj-odgojiteljica-djece-rane-i-predskolske-dobi\/\" target=\"_blank\" class=\" wd-social-icon social-linkedin\" aria-label=\"Linkedin social link\">\n\t\t\t\t\t\t<span class=\"wd-icon\"><\/span>\n\t\t\t\t\t\t\t\t\t\t\t<\/a>\n\t\t\t\t\n\t\t\t\t\n\t\t\t\t\n\t\t\t\t\n\t\t\t\t\n\t\t\t\t\n\t\t\t\t\n\t\t\t\t\n\t\t\t\t\n\t\t\t\t\n\t\t\t\t\t\t\t\t\n\t\t\t\t\t\t\t\t\n\t\t\t\t\n\t\t\t\t\n\t\t\t\t\t\t\t\t\t<a rel=\"noopener noreferrer nofollow\" href=\"https:\/\/telegram.me\/share\/url?url=https:\/\/www.vrtic-smokvica.hr\/radno-mjesto-odgojitelj-odgojiteljica-djece-rane-i-predskolske-dobi\/\" target=\"_blank\" class=\" wd-social-icon social-tg\" aria-label=\"Telegram social link\">\n\t\t\t\t\t\t<span class=\"wd-icon\"><\/span>\n\t\t\t\t\t\t\t\t\t\t\t<\/a>\n\t\t\t\t\t\t\t\t\n\t\t\t\t\n\t\t\t<\/div>\n\n\t\t\t\t\t\t\t\t\t<\/div>\n\t\t\t\t\t\t<\/div>\n\t\t\t\t\t\t\t\t\t\t\t\t\n\t\t\t\t\t\t\t\n\t\t\t\t                    <div class=\"entry-content wd-entry-content\">\n\t\t\t\t\t\t\r\n\r\n \tBroj tra\u017eenih radnika: 1\r\n \tMjesto rada: LUKA, TRG SVETOG ROKA 4\r\n \tVrsta zaposlenja: neodre\u0111eno, upra\u017enjeni poslovi\r\n \tRadno vrijeme: puno radno vrijeme\r\n \tSmje\u0161taj: nema smje\u0161taja\r\n \tNaknada za prijevoz: u cijelosti\r\n \tNatje\u010daj vrijedi: od 01.02.2024. do 09.02.2024.\r\n \tRazina obrazovanja: prvostupanjska, V\u0160S, VSS, MR\r\n \tRadno iskustvo: nije uvjet\r\n \tOpis poslova: poslovi odgojitelja...\n\t\t\t\t\t\t\t\t\t\t\t<\/div><!-- .entry-content -->\n\t\t\t\t\n\t\t\t\t\t\t\t\t\t\t\t\t\t\t<p class=\"read-more-section\">\n\t\t\t\t\t\t<a class=\"btn-read-more more-link\" href=\"https:\/\/www.vrtic-smokvica.hr\/radno-mjesto-odgojitelj-odgojiteljica-djece-rane-i-predskolske-dobi\/\">Nastavite \u010ditati<\/a>\t\t\t\t\t<\/p>\n\t\t\t\t\t\t\t\t\t\t\t\n\t\t\t\n\t\t\t\t\t<\/div>\n\t<\/div>\n<\/article><!-- #post -->\n\n\n\t\t\t\t\t\t\t\t\t\t\t\n<article id=\"post-4563\" class=\"blog-design-masonry blog-post-loop blog-style-bg  col-lg-4 col-md-4 col-sm-6 col-12 last  post-4563 post type-post status-publish format-standard has-post-thumbnail hentry category-natjecaji\">\n\t<div class=\"article-inner\">\n\t\t\t\t\t<header class=\"entry-header\">\n\t\t\t\t\t\t\t\t\t\n\t\t\t\t\t<figure id=\"carousel-231\" class=\"entry-thumbnail\" data-owl-carousel data-hide_pagination_control=\"yes\" data-desktop=\"1\" data-tablet=\"1\" data-tablet_landscape=\"1\" data-mobile=\"1\">\n\t\t\t\t\t\t\n\t\t\t\t\t\t\t<div class=\"post-img-wrapp\">\n\t\t\t\t\t\t\t\t<a href=\"https:\/\/www.vrtic-smokvica.hr\/natjecaj-za-radno-mjesto-odgojitelj-odgojiteljica-djece-rane-i-predskolske-dobi-7\/\">\n\t\t\t\t\t\t\t\t\t<img width=\"1300\" height=\"650\" src=\"https:\/\/www.vrtic-smokvica.hr\/wp-content\/uploads\/2024\/10\/natjecaji2-1300x650.jpg\" class=\"attachment-large size-large\" alt=\"\" decoding=\"async\" loading=\"lazy\" srcset=\"https:\/\/www.vrtic-smokvica.hr\/wp-content\/uploads\/2024\/10\/natjecaji2-1300x650.jpg 1300w, https:\/\/www.vrtic-smokvica.hr\/wp-content\/uploads\/2024\/10\/natjecaji2-400x200.jpg 400w, https:\/\/www.vrtic-smokvica.hr\/wp-content\/uploads\/2024\/10\/natjecaji2-768x384.jpg 768w, https:\/\/www.vrtic-smokvica.hr\/wp-content\/uploads\/2024\/10\/natjecaji2-1536x768.jpg 1536w, https:\/\/www.vrtic-smokvica.hr\/wp-content\/uploads\/2024\/10\/natjecaji2-2048x1024.jpg 2048w\" sizes=\"auto, (max-width: 1300px) 100vw, 1300px\" \/>\t\t\t\t\t\t\t\t<\/a>\n\t\t\t\t\t\t\t<\/div>\n\t\t\t\t\t\t\t<div class=\"post-image-mask\">\n\t\t\t\t\t\t\t\t<span><\/span>\n\t\t\t\t\t\t\t<\/div>\n\n\t\t\t\t\t\t\n\t\t\t\t\t<\/figure>\n\t\t\t\t\n\t\t\t\t\t\t\t\t\t\t\t\t<div class=\"post-date wd-post-date wd-style-with-bg\" onclick=\"\">\n\t\t\t\t<span class=\"post-date-day\">\n\t\t\t\t\t23\t\t\t\t<\/span>\n\t\t\t\t<span class=\"post-date-month\">\n\t\t\t\t\tsij\t\t\t\t<\/span>\n\t\t\t<\/div>\n\t\t\t\t\t\t\n\t\t\t<\/header><!-- .entry-header -->\n\n\t\t<div class=\"article-body-container\">\n\t\t\t\n\t\t\t\t\t\t\t\t\t<div class=\"meta-categories-wrapp\"><div class=\"meta-post-categories wd-post-cat wd-style-with-bg\"><a href=\"https:\/\/www.vrtic-smokvica.hr\/cat\/natjecaji\/\" rel=\"category tag\">Natje\u010daji<\/a><\/div><\/div>\n\t\t\t\t\n\t\t\t\t\t\t\t\t\t<h3 class=\"wd-entities-title title post-title\">\n\t\t\t\t\t\t<a href=\"https:\/\/www.vrtic-smokvica.hr\/natjecaj-za-radno-mjesto-odgojitelj-odgojiteljica-djece-rane-i-predskolske-dobi-7\/\" rel=\"bookmark\">Natje\u010daj za radno mjesto: ODGOJITELJ\/ODGOJITELJICA DJECE RANE I PRED\u0160KOLSKE DOBI<\/a>\n\t\t\t\t\t<\/h3>\n\t\t\t\t\n\t\t\t\t\t\t\t\t\t<div class=\"entry-meta wd-entry-meta\">\n\t\t\t\t\t\t\t\t\t<ul class=\"entry-meta-list\">\n\t\t\t\t\t\t\t\t\t<li class=\"modified-date\">\n\t\t\t\t\t\t\t\t<time class=\"updated\" datetime=\"2025-02-24T23:46:25+01:00\">\n\t\t\t24. velja\u010de 2025.\t\t<\/time>\n\t\t\t\t\t\t\t<\/li>\n\n\t\t\t\t\t\n\t\t\t\t\t\t\t\t\t\t\t<li class=\"meta-author\">\n\t\t\t\t\t\t\t\t\t\t\t\t<span>Objavio<\/span>\n\t\t\n\t\t\t\t\t<img alt='author-avatar' src='https:\/\/secure.gravatar.com\/avatar\/1f4085bfb619bc2a4d4f7d4c0d15afdbfd65cd85388a28a74a7b8b31885e346f?s=32&#038;d=mm&#038;r=g' srcset='https:\/\/secure.gravatar.com\/avatar\/1f4085bfb619bc2a4d4f7d4c0d15afdbfd65cd85388a28a74a7b8b31885e346f?s=64&#038;d=mm&#038;r=g 2x' class='avatar avatar-32 photo' height='32' width='32' loading='lazy' decoding='async'\/>\t\t\n\t\t<a href=\"https:\/\/www.vrtic-smokvica.hr\/author\/admin_smokvica\/\" rel=\"author\">\n\t\t\t<span class=\"vcard author author_name\">\n\t\t\t\t<span class=\"fn\">Dje\u010dji vrti\u0107 Smokvica<\/span>\n\t\t\t<\/span>\n\t\t<\/a>\n\t\t\t\t\t\t\t\t<\/li>\n\t\t\t\t\t\n\t\t\t\t\t\n\t\t\t\t\t\t\t\t\t\t\t\t<\/ul>\n\t\t\t\t\t\t\t<\/div><!-- .entry-meta -->\n\t\t\t\t\t\t\t\t\t\t\t<div class=\"hovered-social-icons wd-tltp wd-tltp-top\">\n\t\t\t\t\t\t\t<div class=\"wd-tooltip-label\">\n\t\t\t\t\t\t\t\t\n\t\t\t<div class=\" wd-social-icons  icons-design-default icons-size-small color-scheme-light social-share social-form-circle text-center\">\n\n\t\t\t\t\n\t\t\t\t\t\t\t\t\t<a rel=\"noopener noreferrer nofollow\" href=\"https:\/\/www.facebook.com\/sharer\/sharer.php?u=https:\/\/www.vrtic-smokvica.hr\/natjecaj-za-radno-mjesto-odgojitelj-odgojiteljica-djece-rane-i-predskolske-dobi-7\/\" target=\"_blank\" class=\" wd-social-icon social-facebook\" aria-label=\"Facebook social link\">\n\t\t\t\t\t\t<span class=\"wd-icon\"><\/span>\n\t\t\t\t\t\t\t\t\t\t\t<\/a>\n\t\t\t\t\n\t\t\t\t\t\t\t\t\t<a rel=\"noopener noreferrer nofollow\" href=\"https:\/\/twitter.com\/share?url=https:\/\/www.vrtic-smokvica.hr\/natjecaj-za-radno-mjesto-odgojitelj-odgojiteljica-djece-rane-i-predskolske-dobi-7\/\" target=\"_blank\" class=\" wd-social-icon social-twitter\" aria-label=\"Twitter social link\">\n\t\t\t\t\t\t<span class=\"wd-icon\"><\/span>\n\t\t\t\t\t\t\t\t\t\t\t<\/a>\n\t\t\t\t\n\t\t\t\t\n\t\t\t\t\n\t\t\t\t\n\t\t\t\t\t\t\t\t\t<a rel=\"noopener noreferrer nofollow\" href=\"https:\/\/pinterest.com\/pin\/create\/button\/?url=https:\/\/www.vrtic-smokvica.hr\/natjecaj-za-radno-mjesto-odgojitelj-odgojiteljica-djece-rane-i-predskolske-dobi-7\/&media=https:\/\/www.vrtic-smokvica.hr\/wp-content\/uploads\/2024\/10\/natjecaji2-scaled.jpg&description=Natje%C4%8Daj+za+radno+mjesto%3A+ODGOJITELJ%2FODGOJITELJICA+DJECE+RANE+I+PRED%C5%A0KOLSKE+DOBI\" target=\"_blank\" class=\" wd-social-icon social-pinterest\" aria-label=\"Pinterest social link\">\n\t\t\t\t\t\t<span class=\"wd-icon\"><\/span>\n\t\t\t\t\t\t\t\t\t\t\t<\/a>\n\t\t\t\t\n\t\t\t\t\n\t\t\t\t\t\t\t\t\t<a rel=\"noopener noreferrer nofollow\" href=\"https:\/\/www.linkedin.com\/shareArticle?mini=true&url=https:\/\/www.vrtic-smokvica.hr\/natjecaj-za-radno-mjesto-odgojitelj-odgojiteljica-djece-rane-i-predskolske-dobi-7\/\" target=\"_blank\" class=\" wd-social-icon social-linkedin\" aria-label=\"Linkedin social link\">\n\t\t\t\t\t\t<span class=\"wd-icon\"><\/span>\n\t\t\t\t\t\t\t\t\t\t\t<\/a>\n\t\t\t\t\n\t\t\t\t\n\t\t\t\t\n\t\t\t\t\n\t\t\t\t\n\t\t\t\t\n\t\t\t\t\n\t\t\t\t\n\t\t\t\t\n\t\t\t\t\n\t\t\t\t\t\t\t\t\n\t\t\t\t\t\t\t\t\n\t\t\t\t\n\t\t\t\t\n\t\t\t\t\t\t\t\t\t<a rel=\"noopener noreferrer nofollow\" href=\"https:\/\/telegram.me\/share\/url?url=https:\/\/www.vrtic-smokvica.hr\/natjecaj-za-radno-mjesto-odgojitelj-odgojiteljica-djece-rane-i-predskolske-dobi-7\/\" target=\"_blank\" class=\" wd-social-icon social-tg\" aria-label=\"Telegram social link\">\n\t\t\t\t\t\t<span class=\"wd-icon\"><\/span>\n\t\t\t\t\t\t\t\t\t\t\t<\/a>\n\t\t\t\t\t\t\t\t\n\t\t\t\t\n\t\t\t<\/div>\n\n\t\t\t\t\t\t\t\t\t<\/div>\n\t\t\t\t\t\t<\/div>\n\t\t\t\t\t\t\t\t\t\t\t\t\n\t\t\t\t\t\t\t\n\t\t\t\t                    <div class=\"entry-content wd-entry-content\">\n\t\t\t\t\t\t\r\n\r\n \tRadno mjesto: ODGOJITELJ\/ODGOJITELJICA DJECE RANE I PRED\u0160KOLSKE DOBI\r\n \tBroj tra\u017eenih radnika: 2\r\n \tMjesto rada: POJATNO, M. GUPCA 92\r\n \tVrsta zaposlenja: neodre\u0111eno, upra\u017enjeni poslovi\r\n \tRadno vrijeme: puno radno vrijeme\r\n \tSmje\u0161taj: nema smje\u0161taja\r\n \tNaknada za prijevoz: u cijelosti\r\n \tNatje\u010daj vrijedi: od 22.01.2024. do 29.01.2024.\r\n \tRazina obrazovanja: prvostupanjska, V\u0160S, VSS, MR\r\n \tRadno...\n\t\t\t\t\t\t\t\t\t\t\t<\/div><!-- .entry-content -->\n\t\t\t\t\n\t\t\t\t\t\t\t\t\t\t\t\t\t\t<p class=\"read-more-section\">\n\t\t\t\t\t\t<a class=\"btn-read-more more-link\" href=\"https:\/\/www.vrtic-smokvica.hr\/natjecaj-za-radno-mjesto-odgojitelj-odgojiteljica-djece-rane-i-predskolske-dobi-7\/\">Nastavite \u010ditati<\/a>\t\t\t\t\t<\/p>\n\t\t\t\t\t\t\t\t\t\t\t\n\t\t\t\n\t\t\t\t\t<\/div>\n\t<\/div>\n<\/article><!-- #post -->\n\n\n\t\t\t\t\t\t\t\t\t\t\t\n<article id=\"post-4552\" class=\"blog-design-masonry blog-post-loop blog-style-bg  col-lg-4 col-md-4 col-sm-6 col-12 first  post-4552 post type-post status-publish format-standard has-post-thumbnail hentry category-natjecaji\">\n\t<div class=\"article-inner\">\n\t\t\t\t\t<header class=\"entry-header\">\n\t\t\t\t\t\t\t\t\t\n\t\t\t\t\t<figure id=\"carousel-170\" class=\"entry-thumbnail\" data-owl-carousel data-hide_pagination_control=\"yes\" data-desktop=\"1\" data-tablet=\"1\" data-tablet_landscape=\"1\" data-mobile=\"1\">\n\t\t\t\t\t\t\n\t\t\t\t\t\t\t<div class=\"post-img-wrapp\">\n\t\t\t\t\t\t\t\t<a href=\"https:\/\/www.vrtic-smokvica.hr\/natjecaj-za-radno-mjesto-osobni-pomagac-ica-djeci-s-teskocama\/\">\n\t\t\t\t\t\t\t\t\t<img width=\"1300\" height=\"650\" src=\"https:\/\/www.vrtic-smokvica.hr\/wp-content\/uploads\/2024\/10\/natjecaji2-1300x650.jpg\" class=\"attachment-large size-large\" alt=\"\" decoding=\"async\" loading=\"lazy\" srcset=\"https:\/\/www.vrtic-smokvica.hr\/wp-content\/uploads\/2024\/10\/natjecaji2-1300x650.jpg 1300w, https:\/\/www.vrtic-smokvica.hr\/wp-content\/uploads\/2024\/10\/natjecaji2-400x200.jpg 400w, https:\/\/www.vrtic-smokvica.hr\/wp-content\/uploads\/2024\/10\/natjecaji2-768x384.jpg 768w, https:\/\/www.vrtic-smokvica.hr\/wp-content\/uploads\/2024\/10\/natjecaji2-1536x768.jpg 1536w, https:\/\/www.vrtic-smokvica.hr\/wp-content\/uploads\/2024\/10\/natjecaji2-2048x1024.jpg 2048w\" sizes=\"auto, (max-width: 1300px) 100vw, 1300px\" \/>\t\t\t\t\t\t\t\t<\/a>\n\t\t\t\t\t\t\t<\/div>\n\t\t\t\t\t\t\t<div class=\"post-image-mask\">\n\t\t\t\t\t\t\t\t<span><\/span>\n\t\t\t\t\t\t\t<\/div>\n\n\t\t\t\t\t\t\n\t\t\t\t\t<\/figure>\n\t\t\t\t\n\t\t\t\t\t\t\t\t\t\t\t\t<div class=\"post-date wd-post-date wd-style-with-bg\" onclick=\"\">\n\t\t\t\t<span class=\"post-date-day\">\n\t\t\t\t\t27\t\t\t\t<\/span>\n\t\t\t\t<span class=\"post-date-month\">\n\t\t\t\t\tpro\t\t\t\t<\/span>\n\t\t\t<\/div>\n\t\t\t\t\t\t\n\t\t\t<\/header><!-- .entry-header -->\n\n\t\t<div class=\"article-body-container\">\n\t\t\t\n\t\t\t\t\t\t\t\t\t<div class=\"meta-categories-wrapp\"><div class=\"meta-post-categories wd-post-cat wd-style-with-bg\"><a href=\"https:\/\/www.vrtic-smokvica.hr\/cat\/natjecaji\/\" rel=\"category tag\">Natje\u010daji<\/a><\/div><\/div>\n\t\t\t\t\n\t\t\t\t\t\t\t\t\t<h3 class=\"wd-entities-title title post-title\">\n\t\t\t\t\t\t<a href=\"https:\/\/www.vrtic-smokvica.hr\/natjecaj-za-radno-mjesto-osobni-pomagac-ica-djeci-s-teskocama\/\" rel=\"bookmark\">Natje\u010daj za radno mjesto: OSOBNI POMAGA\u010c\/ICA DJECI S TE\u0160KO\u0106AMA<\/a>\n\t\t\t\t\t<\/h3>\n\t\t\t\t\n\t\t\t\t\t\t\t\t\t<div class=\"entry-meta wd-entry-meta\">\n\t\t\t\t\t\t\t\t\t<ul class=\"entry-meta-list\">\n\t\t\t\t\t\t\t\t\t<li class=\"modified-date\">\n\t\t\t\t\t\t\t\t<time class=\"updated\" datetime=\"2025-02-24T23:46:25+01:00\">\n\t\t\t24. velja\u010de 2025.\t\t<\/time>\n\t\t\t\t\t\t\t<\/li>\n\n\t\t\t\t\t\n\t\t\t\t\t\t\t\t\t\t\t<li class=\"meta-author\">\n\t\t\t\t\t\t\t\t\t\t\t\t<span>Objavio<\/span>\n\t\t\n\t\t\t\t\t<img alt='author-avatar' src='https:\/\/secure.gravatar.com\/avatar\/1f4085bfb619bc2a4d4f7d4c0d15afdbfd65cd85388a28a74a7b8b31885e346f?s=32&#038;d=mm&#038;r=g' srcset='https:\/\/secure.gravatar.com\/avatar\/1f4085bfb619bc2a4d4f7d4c0d15afdbfd65cd85388a28a74a7b8b31885e346f?s=64&#038;d=mm&#038;r=g 2x' class='avatar avatar-32 photo' height='32' width='32' loading='lazy' decoding='async'\/>\t\t\n\t\t<a href=\"https:\/\/www.vrtic-smokvica.hr\/author\/admin_smokvica\/\" rel=\"author\">\n\t\t\t<span class=\"vcard author author_name\">\n\t\t\t\t<span class=\"fn\">Dje\u010dji vrti\u0107 Smokvica<\/span>\n\t\t\t<\/span>\n\t\t<\/a>\n\t\t\t\t\t\t\t\t<\/li>\n\t\t\t\t\t\n\t\t\t\t\t\n\t\t\t\t\t\t\t\t\t\t\t\t<\/ul>\n\t\t\t\t\t\t\t<\/div><!-- .entry-meta -->\n\t\t\t\t\t\t\t\t\t\t\t<div class=\"hovered-social-icons wd-tltp wd-tltp-top\">\n\t\t\t\t\t\t\t<div class=\"wd-tooltip-label\">\n\t\t\t\t\t\t\t\t\n\t\t\t<div class=\" wd-social-icons  icons-design-default icons-size-small color-scheme-light social-share social-form-circle text-center\">\n\n\t\t\t\t\n\t\t\t\t\t\t\t\t\t<a rel=\"noopener noreferrer nofollow\" href=\"https:\/\/www.facebook.com\/sharer\/sharer.php?u=https:\/\/www.vrtic-smokvica.hr\/natjecaj-za-radno-mjesto-osobni-pomagac-ica-djeci-s-teskocama\/\" target=\"_blank\" class=\" wd-social-icon social-facebook\" aria-label=\"Facebook social link\">\n\t\t\t\t\t\t<span class=\"wd-icon\"><\/span>\n\t\t\t\t\t\t\t\t\t\t\t<\/a>\n\t\t\t\t\n\t\t\t\t\t\t\t\t\t<a rel=\"noopener noreferrer nofollow\" href=\"https:\/\/twitter.com\/share?url=https:\/\/www.vrtic-smokvica.hr\/natjecaj-za-radno-mjesto-osobni-pomagac-ica-djeci-s-teskocama\/\" target=\"_blank\" class=\" wd-social-icon social-twitter\" aria-label=\"Twitter social link\">\n\t\t\t\t\t\t<span class=\"wd-icon\"><\/span>\n\t\t\t\t\t\t\t\t\t\t\t<\/a>\n\t\t\t\t\n\t\t\t\t\n\t\t\t\t\n\t\t\t\t\n\t\t\t\t\t\t\t\t\t<a rel=\"noopener noreferrer nofollow\" href=\"https:\/\/pinterest.com\/pin\/create\/button\/?url=https:\/\/www.vrtic-smokvica.hr\/natjecaj-za-radno-mjesto-osobni-pomagac-ica-djeci-s-teskocama\/&media=https:\/\/www.vrtic-smokvica.hr\/wp-content\/uploads\/2024\/10\/natjecaji2-scaled.jpg&description=Natje%C4%8Daj+za+radno+mjesto%3A+OSOBNI+POMAGA%C4%8C%2FICA+DJECI+S+TE%C5%A0KO%C4%86AMA\" target=\"_blank\" class=\" wd-social-icon social-pinterest\" aria-label=\"Pinterest social link\">\n\t\t\t\t\t\t<span class=\"wd-icon\"><\/span>\n\t\t\t\t\t\t\t\t\t\t\t<\/a>\n\t\t\t\t\n\t\t\t\t\n\t\t\t\t\t\t\t\t\t<a rel=\"noopener noreferrer nofollow\" href=\"https:\/\/www.linkedin.com\/shareArticle?mini=true&url=https:\/\/www.vrtic-smokvica.hr\/natjecaj-za-radno-mjesto-osobni-pomagac-ica-djeci-s-teskocama\/\" target=\"_blank\" class=\" wd-social-icon social-linkedin\" aria-label=\"Linkedin social link\">\n\t\t\t\t\t\t<span class=\"wd-icon\"><\/span>\n\t\t\t\t\t\t\t\t\t\t\t<\/a>\n\t\t\t\t\n\t\t\t\t\n\t\t\t\t\n\t\t\t\t\n\t\t\t\t\n\t\t\t\t\n\t\t\t\t\n\t\t\t\t\n\t\t\t\t\n\t\t\t\t\n\t\t\t\t\t\t\t\t\n\t\t\t\t\t\t\t\t\n\t\t\t\t\n\t\t\t\t\n\t\t\t\t\t\t\t\t\t<a rel=\"noopener noreferrer nofollow\" href=\"https:\/\/telegram.me\/share\/url?url=https:\/\/www.vrtic-smokvica.hr\/natjecaj-za-radno-mjesto-osobni-pomagac-ica-djeci-s-teskocama\/\" target=\"_blank\" class=\" wd-social-icon social-tg\" aria-label=\"Telegram social link\">\n\t\t\t\t\t\t<span class=\"wd-icon\"><\/span>\n\t\t\t\t\t\t\t\t\t\t\t<\/a>\n\t\t\t\t\t\t\t\t\n\t\t\t\t\n\t\t\t<\/div>\n\n\t\t\t\t\t\t\t\t\t<\/div>\n\t\t\t\t\t\t<\/div>\n\t\t\t\t\t\t\t\t\t\t\t\t\n\t\t\t\t\t\t\t\n\t\t\t\t                    <div class=\"entry-content wd-entry-content\">\n\t\t\t\t\t\t\r\n\r\n \tBroj tra\u017eenih radnika: 1\r\n \tMjesto rada: Dubravica, Pavla \u0160toosa 26\r\n \tVrsta zaposlenja: na odre\u0111eno 6 mjeseci\r\n \tRadno vrijeme: puno radno vrijeme\r\n \tSmje\u0161taj: nema smje\u0161taja\r\n \tNaknada za prijevoz: u cijelosti\r\n \tNatje\u010daj vrijedi: od 27.12.2023. do 05.01.2024.\r\n \tRazina obrazovanja: SSS, prvostupanjska, V\u0160S, VSS\r\n \tRadno iskustvo: po\u017eeljno iskustvo u radu s djecom,...\n\t\t\t\t\t\t\t\t\t\t\t<\/div><!-- .entry-content -->\n\t\t\t\t\n\t\t\t\t\t\t\t\t\t\t\t\t\t\t<p class=\"read-more-section\">\n\t\t\t\t\t\t<a class=\"btn-read-more more-link\" href=\"https:\/\/www.vrtic-smokvica.hr\/natjecaj-za-radno-mjesto-osobni-pomagac-ica-djeci-s-teskocama\/\">Nastavite \u010ditati<\/a>\t\t\t\t\t<\/p>\n\t\t\t\t\t\t\t\t\t\t\t\n\t\t\t\n\t\t\t\t\t<\/div>\n\t<\/div>\n<\/article><!-- #post -->\n\n\n\t\t\t\t\t\t\t\t\t\t\t\n<article id=\"post-4556\" class=\"blog-design-masonry blog-post-loop blog-style-bg  col-lg-4 col-md-4 col-sm-6 col-12 post-4556 post type-post status-publish format-standard has-post-thumbnail hentry category-novosti\">\n\t<div class=\"article-inner\">\n\t\t\t\t\t<header class=\"entry-header\">\n\t\t\t\t\t\t\t\t\t\n\t\t\t\t\t<figure id=\"carousel-561\" class=\"entry-thumbnail\" data-owl-carousel data-hide_pagination_control=\"yes\" data-desktop=\"1\" data-tablet=\"1\" data-tablet_landscape=\"1\" data-mobile=\"1\">\n\t\t\t\t\t\t\n\t\t\t\t\t\t\t<div class=\"post-img-wrapp\">\n\t\t\t\t\t\t\t\t<a href=\"https:\/\/www.vrtic-smokvica.hr\/odluka-o-rezultatima-naknadnih-upisa-u-pedagosku-godinu-2023-2024-2\/\">\n\t\t\t\t\t\t\t\t\t<img width=\"1300\" height=\"650\" src=\"https:\/\/www.vrtic-smokvica.hr\/wp-content\/uploads\/2024\/10\/natjecaji2-1300x650.jpg\" class=\"attachment-large size-large\" alt=\"\" decoding=\"async\" loading=\"lazy\" srcset=\"https:\/\/www.vrtic-smokvica.hr\/wp-content\/uploads\/2024\/10\/natjecaji2-1300x650.jpg 1300w, https:\/\/www.vrtic-smokvica.hr\/wp-content\/uploads\/2024\/10\/natjecaji2-400x200.jpg 400w, https:\/\/www.vrtic-smokvica.hr\/wp-content\/uploads\/2024\/10\/natjecaji2-768x384.jpg 768w, https:\/\/www.vrtic-smokvica.hr\/wp-content\/uploads\/2024\/10\/natjecaji2-1536x768.jpg 1536w, https:\/\/www.vrtic-smokvica.hr\/wp-content\/uploads\/2024\/10\/natjecaji2-2048x1024.jpg 2048w\" sizes=\"auto, (max-width: 1300px) 100vw, 1300px\" \/>\t\t\t\t\t\t\t\t<\/a>\n\t\t\t\t\t\t\t<\/div>\n\t\t\t\t\t\t\t<div class=\"post-image-mask\">\n\t\t\t\t\t\t\t\t<span><\/span>\n\t\t\t\t\t\t\t<\/div>\n\n\t\t\t\t\t\t\n\t\t\t\t\t<\/figure>\n\t\t\t\t\n\t\t\t\t\t\t\t\t\t\t\t\t<div class=\"post-date wd-post-date wd-style-with-bg\" onclick=\"\">\n\t\t\t\t<span class=\"post-date-day\">\n\t\t\t\t\t29\t\t\t\t<\/span>\n\t\t\t\t<span class=\"post-date-month\">\n\t\t\t\t\tstu\t\t\t\t<\/span>\n\t\t\t<\/div>\n\t\t\t\t\t\t\n\t\t\t<\/header><!-- .entry-header -->\n\n\t\t<div class=\"article-body-container\">\n\t\t\t\n\t\t\t\t\t\t\t\t\t<div class=\"meta-categories-wrapp\"><div class=\"meta-post-categories wd-post-cat wd-style-with-bg\"><a href=\"https:\/\/www.vrtic-smokvica.hr\/cat\/novosti\/\" rel=\"category tag\">Novosti<\/a><\/div><\/div>\n\t\t\t\t\n\t\t\t\t\t\t\t\t\t<h3 class=\"wd-entities-title title post-title\">\n\t\t\t\t\t\t<a href=\"https:\/\/www.vrtic-smokvica.hr\/odluka-o-rezultatima-naknadnih-upisa-u-pedagosku-godinu-2023-2024-2\/\" rel=\"bookmark\">ODLUKA O REZULTATIMA NAKNADNIH UPISA U PEDAGO\u0160KU GODINU 2023\/2024<\/a>\n\t\t\t\t\t<\/h3>\n\t\t\t\t\n\t\t\t\t\t\t\t\t\t<div class=\"entry-meta wd-entry-meta\">\n\t\t\t\t\t\t\t\t\t<ul class=\"entry-meta-list\">\n\t\t\t\t\t\t\t\t\t<li class=\"modified-date\">\n\t\t\t\t\t\t\t\t<time class=\"updated\" datetime=\"2025-02-18T10:37:42+01:00\">\n\t\t\t18. velja\u010de 2025.\t\t<\/time>\n\t\t\t\t\t\t\t<\/li>\n\n\t\t\t\t\t\n\t\t\t\t\t\t\t\t\t\t\t<li class=\"meta-author\">\n\t\t\t\t\t\t\t\t\t\t\t\t<span>Objavio<\/span>\n\t\t\n\t\t\t\t\t<img alt='author-avatar' src='https:\/\/secure.gravatar.com\/avatar\/1f4085bfb619bc2a4d4f7d4c0d15afdbfd65cd85388a28a74a7b8b31885e346f?s=32&#038;d=mm&#038;r=g' srcset='https:\/\/secure.gravatar.com\/avatar\/1f4085bfb619bc2a4d4f7d4c0d15afdbfd65cd85388a28a74a7b8b31885e346f?s=64&#038;d=mm&#038;r=g 2x' class='avatar avatar-32 photo' height='32' width='32' loading='lazy' decoding='async'\/>\t\t\n\t\t<a href=\"https:\/\/www.vrtic-smokvica.hr\/author\/admin_smokvica\/\" rel=\"author\">\n\t\t\t<span class=\"vcard author author_name\">\n\t\t\t\t<span class=\"fn\">Dje\u010dji vrti\u0107 Smokvica<\/span>\n\t\t\t<\/span>\n\t\t<\/a>\n\t\t\t\t\t\t\t\t<\/li>\n\t\t\t\t\t\n\t\t\t\t\t\n\t\t\t\t\t\t\t\t\t\t\t\t<\/ul>\n\t\t\t\t\t\t\t<\/div><!-- .entry-meta -->\n\t\t\t\t\t\t\t\t\t\t\t<div class=\"hovered-social-icons wd-tltp wd-tltp-top\">\n\t\t\t\t\t\t\t<div class=\"wd-tooltip-label\">\n\t\t\t\t\t\t\t\t\n\t\t\t<div class=\" wd-social-icons  icons-design-default icons-size-small color-scheme-light social-share social-form-circle text-center\">\n\n\t\t\t\t\n\t\t\t\t\t\t\t\t\t<a rel=\"noopener noreferrer nofollow\" href=\"https:\/\/www.facebook.com\/sharer\/sharer.php?u=https:\/\/www.vrtic-smokvica.hr\/odluka-o-rezultatima-naknadnih-upisa-u-pedagosku-godinu-2023-2024-2\/\" target=\"_blank\" class=\" wd-social-icon social-facebook\" aria-label=\"Facebook social link\">\n\t\t\t\t\t\t<span class=\"wd-icon\"><\/span>\n\t\t\t\t\t\t\t\t\t\t\t<\/a>\n\t\t\t\t\n\t\t\t\t\t\t\t\t\t<a rel=\"noopener noreferrer nofollow\" href=\"https:\/\/twitter.com\/share?url=https:\/\/www.vrtic-smokvica.hr\/odluka-o-rezultatima-naknadnih-upisa-u-pedagosku-godinu-2023-2024-2\/\" target=\"_blank\" class=\" wd-social-icon social-twitter\" aria-label=\"Twitter social link\">\n\t\t\t\t\t\t<span class=\"wd-icon\"><\/span>\n\t\t\t\t\t\t\t\t\t\t\t<\/a>\n\t\t\t\t\n\t\t\t\t\n\t\t\t\t\n\t\t\t\t\n\t\t\t\t\t\t\t\t\t<a rel=\"noopener noreferrer nofollow\" href=\"https:\/\/pinterest.com\/pin\/create\/button\/?url=https:\/\/www.vrtic-smokvica.hr\/odluka-o-rezultatima-naknadnih-upisa-u-pedagosku-godinu-2023-2024-2\/&media=https:\/\/www.vrtic-smokvica.hr\/wp-content\/uploads\/2024\/10\/natjecaji2-scaled.jpg&description=ODLUKA+O+REZULTATIMA+NAKNADNIH+UPISA+U+PEDAGO%C5%A0KU+GODINU+2023%2F2024\" target=\"_blank\" class=\" wd-social-icon social-pinterest\" aria-label=\"Pinterest social link\">\n\t\t\t\t\t\t<span class=\"wd-icon\"><\/span>\n\t\t\t\t\t\t\t\t\t\t\t<\/a>\n\t\t\t\t\n\t\t\t\t\n\t\t\t\t\t\t\t\t\t<a rel=\"noopener noreferrer nofollow\" href=\"https:\/\/www.linkedin.com\/shareArticle?mini=true&url=https:\/\/www.vrtic-smokvica.hr\/odluka-o-rezultatima-naknadnih-upisa-u-pedagosku-godinu-2023-2024-2\/\" target=\"_blank\" class=\" wd-social-icon social-linkedin\" aria-label=\"Linkedin social link\">\n\t\t\t\t\t\t<span class=\"wd-icon\"><\/span>\n\t\t\t\t\t\t\t\t\t\t\t<\/a>\n\t\t\t\t\n\t\t\t\t\n\t\t\t\t\n\t\t\t\t\n\t\t\t\t\n\t\t\t\t\n\t\t\t\t\n\t\t\t\t\n\t\t\t\t\n\t\t\t\t\n\t\t\t\t\t\t\t\t\n\t\t\t\t\t\t\t\t\n\t\t\t\t\n\t\t\t\t\n\t\t\t\t\t\t\t\t\t<a rel=\"noopener noreferrer nofollow\" href=\"https:\/\/telegram.me\/share\/url?url=https:\/\/www.vrtic-smokvica.hr\/odluka-o-rezultatima-naknadnih-upisa-u-pedagosku-godinu-2023-2024-2\/\" target=\"_blank\" class=\" wd-social-icon social-tg\" aria-label=\"Telegram social link\">\n\t\t\t\t\t\t<span class=\"wd-icon\"><\/span>\n\t\t\t\t\t\t\t\t\t\t\t<\/a>\n\t\t\t\t\t\t\t\t\n\t\t\t\t\n\t\t\t<\/div>\n\n\t\t\t\t\t\t\t\t\t<\/div>\n\t\t\t\t\t\t<\/div>\n\t\t\t\t\t\t\t\t\t\t\t\t\n\t\t\t\t\t\t\t\n\t\t\t\t                    <div class=\"entry-content wd-entry-content\">\n\t\t\t\t\t\tPovjerenstvo za upise Dje\u010djeg vrti\u0107a Smokvica u sastavu:\r\n\r\n \tMirna Buri\u0107, ravnateljica, stru\u010dni suradnik logoped\r\n \tMarica Prsta\u010di\u0107 Ljubi\u0107, predsjednica UV i zdravstveni voditelj vrti\u0107a\r\n \tMelani Pek Pal\u010di\u0107, odgojiteljica, voditeljica CO Pojatno\r\n \tIvona Du\u0161, odgojiteljica, voditeljica PO Luka\r\n \tAna Per\u0161i\u0107, odgojiteljica, voditeljica PO Dubravica\r\n\r\ndonijelo je kona\u010dnu odluku o rezultatima upisa te objavljuje...\n\t\t\t\t\t\t\t\t\t\t\t<\/div><!-- .entry-content -->\n\t\t\t\t\n\t\t\t\t\t\t\t\t\t\t\t\t\t\t<p class=\"read-more-section\">\n\t\t\t\t\t\t<a class=\"btn-read-more more-link\" href=\"https:\/\/www.vrtic-smokvica.hr\/odluka-o-rezultatima-naknadnih-upisa-u-pedagosku-godinu-2023-2024-2\/\">Nastavite \u010ditati<\/a>\t\t\t\t\t<\/p>\n\t\t\t\t\t\t\t\t\t\t\t\n\t\t\t\n\t\t\t\t\t<\/div>\n\t<\/div>\n<\/article><!-- #post -->\n\n\n\t\t\t\t\t\t\t\t\t\t\t\n<article id=\"post-4549\" class=\"blog-design-masonry blog-post-loop blog-style-bg  col-lg-4 col-md-4 col-sm-6 col-12 last  post-4549 post type-post status-publish format-standard has-post-thumbnail hentry category-novosti\">\n\t<div class=\"article-inner\">\n\t\t\t\t\t<header class=\"entry-header\">\n\t\t\t\t\t\t\t\t\t\n\t\t\t\t\t<figure id=\"carousel-786\" class=\"entry-thumbnail\" data-owl-carousel data-hide_pagination_control=\"yes\" data-desktop=\"1\" data-tablet=\"1\" data-tablet_landscape=\"1\" data-mobile=\"1\">\n\t\t\t\t\t\t\n\t\t\t\t\t\t\t<div class=\"post-img-wrapp\">\n\t\t\t\t\t\t\t\t<a href=\"https:\/\/www.vrtic-smokvica.hr\/obavijest-o-naknadnim-upisima-u-vrtic-2\/\">\n\t\t\t\t\t\t\t\t\t<img width=\"1200\" height=\"600\" src=\"https:\/\/www.vrtic-smokvica.hr\/wp-content\/uploads\/2023\/11\/upisi_banner.jpg\" class=\"attachment-large size-large\" alt=\"\" decoding=\"async\" loading=\"lazy\" \/>\t\t\t\t\t\t\t\t<\/a>\n\t\t\t\t\t\t\t<\/div>\n\t\t\t\t\t\t\t<div class=\"post-image-mask\">\n\t\t\t\t\t\t\t\t<span><\/span>\n\t\t\t\t\t\t\t<\/div>\n\n\t\t\t\t\t\t\n\t\t\t\t\t<\/figure>\n\t\t\t\t\n\t\t\t\t\t\t\t\t\t\t\t\t<div class=\"post-date wd-post-date wd-style-with-bg\" onclick=\"\">\n\t\t\t\t<span class=\"post-date-day\">\n\t\t\t\t\t09\t\t\t\t<\/span>\n\t\t\t\t<span class=\"post-date-month\">\n\t\t\t\t\tstu\t\t\t\t<\/span>\n\t\t\t<\/div>\n\t\t\t\t\t\t\n\t\t\t<\/header><!-- .entry-header -->\n\n\t\t<div class=\"article-body-container\">\n\t\t\t\n\t\t\t\t\t\t\t\t\t<div class=\"meta-categories-wrapp\"><div class=\"meta-post-categories wd-post-cat wd-style-with-bg\"><a href=\"https:\/\/www.vrtic-smokvica.hr\/cat\/novosti\/\" rel=\"category tag\">Novosti<\/a><\/div><\/div>\n\t\t\t\t\n\t\t\t\t\t\t\t\t\t<h3 class=\"wd-entities-title title post-title\">\n\t\t\t\t\t\t<a href=\"https:\/\/www.vrtic-smokvica.hr\/obavijest-o-naknadnim-upisima-u-vrtic-2\/\" rel=\"bookmark\">OBAVIJEST O NAKNADNIM UPISIMA U VRTI\u0106<\/a>\n\t\t\t\t\t<\/h3>\n\t\t\t\t\n\t\t\t\t\t\t\t\t\t<div class=\"entry-meta wd-entry-meta\">\n\t\t\t\t\t\t\t\t\t<ul class=\"entry-meta-list\">\n\t\t\t\t\t\t\t\t\t<li class=\"modified-date\">\n\t\t\t\t\t\t\t\t<time class=\"updated\" datetime=\"2024-03-07T15:01:25+01:00\">\n\t\t\t7. o\u017eujka 2024.\t\t<\/time>\n\t\t\t\t\t\t\t<\/li>\n\n\t\t\t\t\t\n\t\t\t\t\t\t\t\t\t\t\t<li class=\"meta-author\">\n\t\t\t\t\t\t\t\t\t\t\t\t<span>Objavio<\/span>\n\t\t\n\t\t\t\t\t<img alt='author-avatar' src='https:\/\/secure.gravatar.com\/avatar\/1f4085bfb619bc2a4d4f7d4c0d15afdbfd65cd85388a28a74a7b8b31885e346f?s=32&#038;d=mm&#038;r=g' srcset='https:\/\/secure.gravatar.com\/avatar\/1f4085bfb619bc2a4d4f7d4c0d15afdbfd65cd85388a28a74a7b8b31885e346f?s=64&#038;d=mm&#038;r=g 2x' class='avatar avatar-32 photo' height='32' width='32' loading='lazy' decoding='async'\/>\t\t\n\t\t<a href=\"https:\/\/www.vrtic-smokvica.hr\/author\/admin_smokvica\/\" rel=\"author\">\n\t\t\t<span class=\"vcard author author_name\">\n\t\t\t\t<span class=\"fn\">Dje\u010dji vrti\u0107 Smokvica<\/span>\n\t\t\t<\/span>\n\t\t<\/a>\n\t\t\t\t\t\t\t\t<\/li>\n\t\t\t\t\t\n\t\t\t\t\t\n\t\t\t\t\t\t\t\t\t\t\t\t<\/ul>\n\t\t\t\t\t\t\t<\/div><!-- .entry-meta -->\n\t\t\t\t\t\t\t\t\t\t\t<div class=\"hovered-social-icons wd-tltp wd-tltp-top\">\n\t\t\t\t\t\t\t<div class=\"wd-tooltip-label\">\n\t\t\t\t\t\t\t\t\n\t\t\t<div class=\" wd-social-icons  icons-design-default icons-size-small color-scheme-light social-share social-form-circle text-center\">\n\n\t\t\t\t\n\t\t\t\t\t\t\t\t\t<a rel=\"noopener noreferrer nofollow\" href=\"https:\/\/www.facebook.com\/sharer\/sharer.php?u=https:\/\/www.vrtic-smokvica.hr\/obavijest-o-naknadnim-upisima-u-vrtic-2\/\" target=\"_blank\" class=\" wd-social-icon social-facebook\" aria-label=\"Facebook social link\">\n\t\t\t\t\t\t<span class=\"wd-icon\"><\/span>\n\t\t\t\t\t\t\t\t\t\t\t<\/a>\n\t\t\t\t\n\t\t\t\t\t\t\t\t\t<a rel=\"noopener noreferrer nofollow\" href=\"https:\/\/twitter.com\/share?url=https:\/\/www.vrtic-smokvica.hr\/obavijest-o-naknadnim-upisima-u-vrtic-2\/\" target=\"_blank\" class=\" wd-social-icon social-twitter\" aria-label=\"Twitter social link\">\n\t\t\t\t\t\t<span class=\"wd-icon\"><\/span>\n\t\t\t\t\t\t\t\t\t\t\t<\/a>\n\t\t\t\t\n\t\t\t\t\n\t\t\t\t\n\t\t\t\t\n\t\t\t\t\t\t\t\t\t<a rel=\"noopener noreferrer nofollow\" href=\"https:\/\/pinterest.com\/pin\/create\/button\/?url=https:\/\/www.vrtic-smokvica.hr\/obavijest-o-naknadnim-upisima-u-vrtic-2\/&media=https:\/\/www.vrtic-smokvica.hr\/wp-content\/uploads\/2023\/11\/upisi_banner.jpg&description=OBAVIJEST+O+NAKNADNIM+UPISIMA+U+VRTI%C4%86\" target=\"_blank\" class=\" wd-social-icon social-pinterest\" aria-label=\"Pinterest social link\">\n\t\t\t\t\t\t<span class=\"wd-icon\"><\/span>\n\t\t\t\t\t\t\t\t\t\t\t<\/a>\n\t\t\t\t\n\t\t\t\t\n\t\t\t\t\t\t\t\t\t<a rel=\"noopener noreferrer nofollow\" href=\"https:\/\/www.linkedin.com\/shareArticle?mini=true&url=https:\/\/www.vrtic-smokvica.hr\/obavijest-o-naknadnim-upisima-u-vrtic-2\/\" target=\"_blank\" class=\" wd-social-icon social-linkedin\" aria-label=\"Linkedin social link\">\n\t\t\t\t\t\t<span class=\"wd-icon\"><\/span>\n\t\t\t\t\t\t\t\t\t\t\t<\/a>\n\t\t\t\t\n\t\t\t\t\n\t\t\t\t\n\t\t\t\t\n\t\t\t\t\n\t\t\t\t\n\t\t\t\t\n\t\t\t\t\n\t\t\t\t\n\t\t\t\t\n\t\t\t\t\t\t\t\t\n\t\t\t\t\t\t\t\t\n\t\t\t\t\n\t\t\t\t\n\t\t\t\t\t\t\t\t\t<a rel=\"noopener noreferrer nofollow\" href=\"https:\/\/telegram.me\/share\/url?url=https:\/\/www.vrtic-smokvica.hr\/obavijest-o-naknadnim-upisima-u-vrtic-2\/\" target=\"_blank\" class=\" wd-social-icon social-tg\" aria-label=\"Telegram social link\">\n\t\t\t\t\t\t<span class=\"wd-icon\"><\/span>\n\t\t\t\t\t\t\t\t\t\t\t<\/a>\n\t\t\t\t\t\t\t\t\n\t\t\t\t\n\t\t\t<\/div>\n\n\t\t\t\t\t\t\t\t\t<\/div>\n\t\t\t\t\t\t<\/div>\n\t\t\t\t\t\t\t\t\t\t\t\t\n\t\t\t\t\t\t\t\n\t\t\t\t                    <div class=\"entry-content wd-entry-content\">\n\t\t\t\t\t\tNaknadni upisi na slobodna mjesta u redovitim programima Dje\u010djeg vrti\u0107a 'Smokvica' provodit \u0107e se putem sustava e-Gra\u0111ani na platformi e-Upisi od 10. do 17. studenog 2023. godine\n\nKorisni\u010dke upute nalaze se na platformi e-Upisi sustava e-Gra\u0111ani i objavljene su na web stranici vrti\u0107a. Roditelji koji nemaju mogu\u0107nost pristupiti platformi e-Upisi, mo\u0107i...\n\t\t\t\t\t\t\t\t\t\t\t<\/div><!-- .entry-content -->\n\t\t\t\t\n\t\t\t\t\t\t\t\t\t\t\t\t\t\t<p class=\"read-more-section\">\n\t\t\t\t\t\t<a class=\"btn-read-more more-link\" href=\"https:\/\/www.vrtic-smokvica.hr\/obavijest-o-naknadnim-upisima-u-vrtic-2\/\">Nastavite \u010ditati<\/a>\t\t\t\t\t<\/p>\n\t\t\t\t\t\t\t\t\t\t\t\n\t\t\t\n\t\t\t\t\t<\/div>\n\t<\/div>\n<\/article><!-- #post -->\n\n\n\t\t\t\t\t\n\t\t\t\t\t","status":"have-posts","nextPage":"https:\/\/www.vrtic-smokvica.hr\/author\/admin_smokvica\/page\/5\/?woo_ajax=1","currentPage":"https:\/\/www.vrtic-smokvica.hr\/author\/admin_smokvica\/page\/4"}